{"id":8572,"date":"2024-08-02T16:44:41","date_gmt":"2024-08-02T21:44:41","guid":{"rendered":"https:\/\/fedebiocombustibles.com\/?p=8572"},"modified":"2024-09-18T10:36:59","modified_gmt":"2024-09-18T15:36:59","slug":"para-2050-la-industria-aeronautica-podria-alcanzar-cero-emisiones-con-el-uso-de-saf-y-colombia-podria-ser-un-lider-clave","status":"publish","type":"post","link":"https:\/\/fedebiocombustibles.com\/en\/para-2050-la-industria-aeronautica-podria-alcanzar-cero-emisiones-con-el-uso-de-saf-y-colombia-podria-ser-un-lider-clave\/","title":{"rendered":"Para 2050, la industria aeron\u00e1utica podr\u00eda alcanzar cero emisiones con el uso de SAF, y Colombia podr\u00eda ser un l\u00edder clave"},"content":{"rendered":"<div data-elementor-type=\"wp-post\" data-elementor-id=\"8572\" class=\"elementor elementor-8572\" data-elementor-post-type=\"post\">\n\t\t\t\t\t\t<section class=\"elementor-section elementor-top-section elementor-element elementor-element-1c65cb8 elementor-section-full_width elementor-section-height-default elementor-section-height-default\" data-id=\"1c65cb8\" data-element_type=\"section\" data-e-type=\"section\">\n\t\t\t\t\t\t<div class=\"elementor-container elementor-column-gap-default\">\n\t\t\t\t\t<div class=\"elementor-column elementor-col-20 elementor-top-column elementor-element elementor-element-704ccec\" data-id=\"704ccec\" data-element_type=\"column\" data-e-type=\"column\">\n\t\t\t<div class=\"elementor-widget-wrap\">\n\t\t\t\t\t\t\t<\/div>\n\t\t<\/div>\n\t\t\t\t<div class=\"elementor-column elementor-col-20 elementor-top-column elementor-element elementor-element-a22cf19\" data-id=\"a22cf19\" data-element_type=\"column\" data-e-type=\"column\">\n\t\t\t<div class=\"elementor-widget-wrap elementor-element-populated\">\n\t\t\t\t\t\t<div class=\"elementor-element elementor-element-54a6250 elementor-widget elementor-widget-heading\" data-id=\"54a6250\" data-element_type=\"widget\" data-e-type=\"widget\" data-widget_type=\"heading.default\">\n\t\t\t\t<div class=\"elementor-widget-container\">\n\t\t\t\t\t<h1 class=\"elementor-heading-title elementor-size-default\">Para 2050, la industria aeron\u00e1utica podr\u00eda alcanzar cero emisiones con el uso de SAF, y Colombia podr\u00eda ser un l\u00edder clave<\/h1>\t\t\t\t<\/div>\n\t\t\t\t<\/div>\n\t\t\t\t<div class=\"elementor-element elementor-element-2d3f2d4 elementor-widget elementor-widget-image\" data-id=\"2d3f2d4\" data-element_type=\"widget\" data-e-type=\"widget\" data-widget_type=\"image.default\">\n\t\t\t\t<div class=\"elementor-widget-container\">\n\t\t\t\t\t\t\t\t\t\t\t\t\t\t\t<img fetchpriority=\"high\" decoding=\"async\" width=\"2560\" height=\"1705\" src=\"https:\/\/fedebiocombustibles.com\/wp-content\/uploads\/2024\/08\/comunicado-scaled.jpg\" class=\"attachment-full size-full wp-image-8573\" alt=\"\" srcset=\"https:\/\/fedebiocombustibles.com\/wp-content\/uploads\/2024\/08\/comunicado-scaled.jpg 2560w, https:\/\/fedebiocombustibles.com\/wp-content\/uploads\/2024\/08\/comunicado-300x200.jpg 300w, https:\/\/fedebiocombustibles.com\/wp-content\/uploads\/2024\/08\/comunicado-1024x682.jpg 1024w, https:\/\/fedebiocombustibles.com\/wp-content\/uploads\/2024\/08\/comunicado-768x512.jpg 768w, https:\/\/fedebiocombustibles.com\/wp-content\/uploads\/2024\/08\/comunicado-1536x1023.jpg 1536w, https:\/\/fedebiocombustibles.com\/wp-content\/uploads\/2024\/08\/comunicado-2048x1364.jpg 2048w, https:\/\/fedebiocombustibles.com\/wp-content\/uploads\/2024\/08\/comunicado-270x180.jpg 270w, https:\/\/fedebiocombustibles.com\/wp-content\/uploads\/2024\/08\/comunicado-370x245.jpg 370w\" sizes=\"(max-width: 2560px) 100vw, 2560px\" \/>\t\t\t\t\t\t\t\t\t\t\t\t\t\t\t<\/div>\n\t\t\t\t<\/div>\n\t\t\t\t<div class=\"elementor-element elementor-element-e2105cf elementor-widget elementor-widget-text-editor\" data-id=\"e2105cf\" data-element_type=\"widget\" data-e-type=\"widget\" data-widget_type=\"text-editor.default\">\n\t\t\t\t<div class=\"elementor-widget-container\">\n\t\t\t\t\t\t\t\t\t<p><strong>Bogot\u00e1, D.C., julio de 2024. <\/strong>Hoy, Colombia da un paso decisivo hacia un futuro m\u00e1s verde y sostenible con el Primer Congreso Panamericano de Combustibles Sostenibles de Aviaci\u00f3n, organizado por Fedebiocombustibles, la Coalici\u00f3n Panamericana de Biocombustibles L\u00edquidos (CPBIO) y el Instituto Interamericano de Cooperaci\u00f3n para la Agricultura (IICA).<\/p><p>En este evento se busca promover el uso de biocombustibles en la aviaci\u00f3n, con el objetivo de reducir las emisiones de CO\u2082 hasta en un 65% y alcanzar la carbono-neutralidad para 2050.<\/p><p><em>\u201cDesde el sector de los biocombustibles, apuntamos a alcanzar la reducci\u00f3n de 5 millones de toneladas de CO2 a 2030, en este sentido, estamos orientando nuestros esfuerzos para que en ese mismo a\u00f1o Colombia cuente con su primera planta para producir 50 millones de galones de SAF (Combustibles de Aviaci\u00f3n Sostenible), lo cual permitir\u00e1 llegar a esta meta, junto con otras alternativas como los biocombustibles de primera y segunda generaci\u00f3n, y, al mismo tiempo, configurar al pa\u00eds como l\u00edder de la movilidad sostenible\u201d<\/em>. Mencion\u00f3 Carolina Rojas, presidenta de Fedebiocombustibles.<\/p><p>Para lograr avanzar hacia estas metas de descarbonizaci\u00f3n, se debe priorizar el establecimiento de pol\u00edticas p\u00fablicas que eval\u00faen la capacidad actual con la que cuenta el pa\u00eds, adem\u00e1s de reconocer las materias primas con las que se puede trabajar, para luego establecer una hoja de ruta de producci\u00f3n e implementaci\u00f3n de SAF.<\/p><p>Pedro de la Fuente, Gerente Senior de Asuntos Externos y Sostenibilidad para las Am\u00e9ricas de la IATA, los pa\u00edses que tienen una tradici\u00f3n en la producci\u00f3n de biocombustibles pueden empezar a producir SAF, y este es el caso de Colombia. Sin embargo, para ello, \u201c<em>es fundamental desarrollar pol\u00edticas p\u00fablicas coherentes y estables que apoyen la producci\u00f3n de SAF, garantizando certidumbre regulatoria para atraer inversiones y asegurar la sostenibilidad de la cadena de valor. Actualmente, el panorama regulatorio es complejo, con diferentes enfoques regionales, lo que hace necesario armonizar pol\u00edticas y facilitar la certificaci\u00f3n de SAF. Se hace un llamado a la colaboraci\u00f3n internacional para superar estos desaf\u00edos \u201d<\/em>, concluye el vocero.<\/p><p><strong>La agricultura: factor clave para la producci\u00f3n de SAF<\/strong><\/p><p>Por otro lado, la agricultura forma parte de esta ecuaci\u00f3n, ya que ser\u00e1 el motor que impulsara el desarrollo de bicombustibles de primera, segunda generaci\u00f3n En Colombia, son los cultivos de aceite de palma y ca\u00f1a de az\u00facar los que hacen posibles los biocombustibles y contribuyen a la descarbonizaci\u00f3n el sector transporte. Desde el inicio de la producci\u00f3n de los biocombustibles, se contribuye a la reducci\u00f3n de emisiones gracias a los procesos naturales de estas plantas, que por fotos\u00edntesis absorben el CO<sub>2<\/sub> de la atm\u00f3sfera.<\/p><p><strong>Colombia marca un hito con el Primer Congreso de Combustibles de Aviaci\u00f3n Sostenible<\/strong><\/p><p>El evento desarrollado el 31 de julio, reuni\u00f3 a expertos y l\u00edderes del sector para explorar y analizar las \u00faltimas tendencias y avances en combustibles sostenibles para la aviaci\u00f3n, y abordar los desaf\u00edos actuales para la implementaci\u00f3n de SAF y discutir los aspectos econ\u00f3micos de su producci\u00f3n.<\/p><p>Hoy, la aviaci\u00f3n es responsable de 2% de las emisiones asociadas con el transporte a nivel mundial, de acuerdo con la Asociaci\u00f3n Internacional de Transporte A\u00e9reo (IATA); por ello, el generar estos encuentros promueven el compromiso por reducir las emisiones de carbono entre 50% y 75%, para la aviaci\u00f3n, y la diversificaci\u00f3n de la matriz energ\u00e9tica.<\/p><p>Jane Hupe, directora adjunta de Medioambiente de la OACI, se\u00f1al\u00f3 que Colombia y Latinoam\u00e9rica tienen el potencial para satisfacer la demanda de SAF, que se estima en 66 mil millones de litros para 2050.<\/p><p>Por otro lado, Sandra Ball\u00e9n, Gerente de Productos y Petroqu\u00edmicos de la Vicepresidencia Comercial de Ecopetrol, reafirm\u00f3 que el pa\u00eds tiene un gran potencial para producir SAF y convertirse en un centro regional de suministro, aprovechando su posici\u00f3n geogr\u00e1fica y la infraestructura existente. \u201c<em>Es importante contar con una regulaci\u00f3n clara y consistente, as\u00ed como con incentivos fiscales para que el SAF sea competitivo frente a los combustibles f\u00f3siles<\/em>\u201d, agreg\u00f3.<\/p><p><strong>Un futuro sostenible para la aviaci\u00f3n en Colombia<\/strong><\/p><p>Finalmente, Colombia tiene todas las condiciones para ser un l\u00edder regional en la producci\u00f3n de combustibles avanzados para la aviaci\u00f3n. En este esfuerzo, es importante avanzar con una hoja de ruta alineada con el contexto nacional que maximice las oportunidades para los diferentes encadenamientos productivos del ecosistema de Combustibles de Aviaci\u00f3n Sostenibles (SAF).<\/p><p>Durante el evento se desarrollaron tres conclusiones principales, de acuerdo con Carolina Rojas, presidente de Fedebiocombustibles: \u201c<em>la primera es que para construir esta industria se necesita una colaboraci\u00f3n p\u00fablico-privada e interinstitucional, que incluya a los productores de combustibles, aerol\u00edneas, tecnolog\u00edas y otros actores relevantes. Am\u00e9rica Latina tiene una gran oportunidad de ser un Hub de SAF debido a la abundancia de materias primas. Colombia es un l\u00edder en el tema del SAF, y hemos demostrado avances significativos para ser uno de los primeros pa\u00edses en proponer esta soluci\u00f3n para la descarbonizaci\u00f3n en la regi\u00f3n\u201d<\/em> <em>.<\/em><\/p>\t\t\t\t\t\t\t\t<\/div>\n\t\t\t\t<\/div>\n\t\t\t\t\t<\/div>\n\t\t<\/div>\n\t\t\t\t<div class=\"elementor-column elementor-col-20 elementor-top-column elementor-element elementor-element-47cf487\" data-id=\"47cf487\" data-element_type=\"column\" data-e-type=\"column\">\n\t\t\t<div class=\"elementor-widget-wrap\">\n\t\t\t\t\t\t\t<\/div>\n\t\t<\/div>\n\t\t\t\t<div class=\"elementor-column elementor-col-20 elementor-top-column elementor-element elementor-element-c425803\" data-id=\"c425803\" data-element_type=\"column\" data-e-type=\"column\">\n\t\t\t<div class=\"elementor-widget-wrap elementor-element-populated\">\n\t\t\t\t\t\t<section class=\"elementor-section elementor-inner-section elementor-element elementor-element-4a77d59 elementor-section-full_width elementor-section-height-default elementor-section-height-default\" data-id=\"4a77d59\" data-element_type=\"section\" data-e-type=\"section\">\n\t\t\t\t\t\t<div class=\"elementor-container elementor-column-gap-default\">\n\t\t\t\t\t<div class=\"elementor-column elementor-col-100 elementor-inner-column elementor-element elementor-element-f7a266f\" data-id=\"f7a266f\" data-element_type=\"column\" data-e-type=\"column\" data-settings=\"{&quot;background_background&quot;:&quot;classic&quot;}\">\n\t\t\t<div class=\"elementor-widget-wrap elementor-element-populated\">\n\t\t\t\t\t\t<div class=\"elementor-element elementor-element-cf74e4e elementor-widget elementor-widget-heading\" data-id=\"cf74e4e\" data-element_type=\"widget\" data-e-type=\"widget\" data-widget_type=\"heading.default\">\n\t\t\t\t<div class=\"elementor-widget-container\">\n\t\t\t\t\t<h2 class=\"elementor-heading-title elementor-size-default\">Boletines informativos<\/h2>\t\t\t\t<\/div>\n\t\t\t\t<\/div>\n\t\t\t\t<div class=\"elementor-element elementor-element-0db42c6 elementor-widget-divider--view-line elementor-widget elementor-widget-divider\" data-id=\"0db42c6\" data-element_type=\"widget\" data-e-type=\"widget\" data-widget_type=\"divider.default\">\n\t\t\t\t<div class=\"elementor-widget-container\">\n\t\t\t\t\t\t\t<div class=\"elementor-divider\">\n\t\t\t<span class=\"elementor-divider-separator\">\n\t\t\t\t\t\t<\/span>\n\t\t<\/div>\n\t\t\t\t\t\t<\/div>\n\t\t\t\t<\/div>\n\t\t\t\t<div class=\"elementor-element elementor-element-5fa38f1 eael-contact-form-7-button-full-width elementor-widget elementor-widget-eael-contact-form-7\" data-id=\"5fa38f1\" data-element_type=\"widget\" data-e-type=\"widget\" data-widget_type=\"eael-contact-form-7.default\">\n\t\t\t\t<div class=\"elementor-widget-container\">\n\t\t\t\t\t<div class=\"eael-contact-form-7-wrapper\">\n                <div class=\"eael-contact-form eael-contact-form-7 eael-contact-form-5fa38f1 placeholder-show eael-contact-form-align-center\">\n<div class=\"wpcf7 no-js\" id=\"wpcf7-f1047-o1\" lang=\"es-ES\" dir=\"ltr\" data-wpcf7-id=\"1047\">\n<div class=\"screen-reader-response\"><p role=\"status\" aria-live=\"polite\" aria-atomic=\"true\"><\/p> <ul><\/ul><\/div>\n<form action=\"\/en\/wp-json\/wp\/v2\/posts\/8572#wpcf7-f1047-o1\" method=\"post\" class=\"wpcf7-form init\" aria-label=\"Formulario de contacto\" novalidate=\"novalidate\" data-status=\"init\" data-trp-original-action=\"\/en\/wp-json\/wp\/v2\/posts\/8572#wpcf7-f1047-o1\">\n<fieldset class=\"hidden-fields-container\"><input type=\"hidden\" name=\"_wpcf7\" value=\"1047\" \/><input type=\"hidden\" name=\"_wpcf7_version\" value=\"6.1.5\" \/><input type=\"hidden\" name=\"_wpcf7_locale\" value=\"es_ES\" \/><input type=\"hidden\" name=\"_wpcf7_unit_tag\" value=\"wpcf7-f1047-o1\" \/><input type=\"hidden\" name=\"_wpcf7_container_post\" value=\"0\" \/><input type=\"hidden\" name=\"_wpcf7_posted_data_hash\" value=\"\" \/><input type=\"hidden\" name=\"_wpcf7_recaptcha_response\" value=\"\" \/>\n<\/fieldset>\n<h5 style=\"color: #000000; text-align:center;\">Registra tus datos para recibir actualizaciones de nuestro bolet\u00edn\n<\/h5>\n<p><span class=\"wpcf7-form-control-wrap\" data-name=\"nombres\"><input size=\"40\" maxlength=\"400\" class=\"wpcf7-form-control wpcf7-text wpcf7-validates-as-required\" aria-required=\"true\" aria-invalid=\"false\" placeholder=\"Nombre\" value=\"\" type=\"text\" name=\"nombres\" \/><\/span><br \/>\n<span class=\"wpcf7-form-control-wrap\" data-name=\"email-621\"><input size=\"40\" maxlength=\"400\" class=\"wpcf7-form-control wpcf7-email wpcf7-validates-as-required wpcf7-text wpcf7-validates-as-email\" aria-required=\"true\" aria-invalid=\"false\" placeholder=\"Correo electr\u00f3nico\" value=\"\" type=\"email\" name=\"email-621\" \/><\/span>\n<\/p>\n<h6 style=\"color: #000000; text-align:center;\"> Al suscribirse autoriza el tratamiento de sus datos personales que puede consultar en el <a href=\"https:\/\/fedebiocombustibles.com\/wp-content\/uploads\/2022\/10\/DA-MNL-005-MANUAL-DE-POLITICA-DE-TRATAMIENTO-DE-DATOS-PERSONALES-V2.pdf\"> manual de politicas de tratamiento de datos personales <\/a>\n<\/h6>\n<p><input class=\"wpcf7-form-control wpcf7-submit has-spinner\" type=\"submit\" value=\"Suscr\u00edbete\" \/>\n<\/p><div class=\"wpcf7-response-output\" aria-hidden=\"true\"><\/div>\n<input type=\"hidden\" name=\"trp-form-language\" value=\"en\"\/><\/form>\n<\/div>\n<\/div>\n            <\/div>\t\t\t\t<\/div>\n\t\t\t\t<\/div>\n\t\t\t\t\t<\/div>\n\t\t<\/div>\n\t\t\t\t\t<\/div>\n\t\t<\/section>\n\t\t\t\t<div class=\"elementor-element elementor-element-7cf693f elementor-widget elementor-widget-heading\" data-id=\"7cf693f\" data-element_type=\"widget\" data-e-type=\"widget\" data-widget_type=\"heading.default\">\n\t\t\t\t<div class=\"elementor-widget-container\">\n\t\t\t\t\t<h2 class=\"elementor-heading-title elementor-size-default\">\u00daltimos Posts<\/h2>\t\t\t\t<\/div>\n\t\t\t\t<\/div>\n\t\t\t\t<div class=\"elementor-element elementor-element-0d9edc5 elementor-widget-divider--view-line elementor-widget elementor-widget-divider\" data-id=\"0d9edc5\" data-element_type=\"widget\" data-e-type=\"widget\" data-widget_type=\"divider.default\">\n\t\t\t\t<div class=\"elementor-widget-container\">\n\t\t\t\t\t\t\t<div class=\"elementor-divider\">\n\t\t\t<span class=\"elementor-divider-separator\">\n\t\t\t\t\t\t<\/span>\n\t\t<\/div>\n\t\t\t\t\t\t<\/div>\n\t\t\t\t<\/div>\n\t\t\t\t<div class=\"elementor-element elementor-element-bb74499 elementor-grid-eael-col-1 e-transform elementor-grid-tablet-eael-col-1 elementor-grid-mobile-eael-col-1 elementor-widget elementor-widget-eael-post-grid\" data-id=\"bb74499\" data-element_type=\"widget\" data-e-type=\"widget\" data-settings=\"{&quot;eael_post_grid_columns&quot;:&quot;eael-col-1&quot;,&quot;eael_post_grid_columns_tablet&quot;:&quot;eael-col-1&quot;,&quot;eael_post_grid_columns_mobile&quot;:&quot;eael-col-1&quot;,&quot;_transform_translateX_effect_hover&quot;:{&quot;unit&quot;:&quot;px&quot;,&quot;size&quot;:&quot;&quot;,&quot;sizes&quot;:[]},&quot;_transform_translateX_effect_hover_tablet&quot;:{&quot;unit&quot;:&quot;px&quot;,&quot;size&quot;:&quot;&quot;,&quot;sizes&quot;:[]},&quot;_transform_translateX_effect_hover_mobile&quot;:{&quot;unit&quot;:&quot;px&quot;,&quot;size&quot;:&quot;&quot;,&quot;sizes&quot;:[]},&quot;_transform_translateY_effect_hover&quot;:{&quot;unit&quot;:&quot;px&quot;,&quot;size&quot;:&quot;&quot;,&quot;sizes&quot;:[]},&quot;_transform_translateY_effect_hover_tablet&quot;:{&quot;unit&quot;:&quot;px&quot;,&quot;size&quot;:&quot;&quot;,&quot;sizes&quot;:[]},&quot;_transform_translateY_effect_hover_mobile&quot;:{&quot;unit&quot;:&quot;px&quot;,&quot;size&quot;:&quot;&quot;,&quot;sizes&quot;:[]}}\" data-widget_type=\"eael-post-grid.default\">\n\t\t\t\t<div class=\"elementor-widget-container\">\n\t\t\t\t\t<div id=\"eael-post-grid-bb74499\" class=\"eael-post-grid-container\">\n            <div class=\"eael-post-grid eael-post-appender eael-post-appender-bb74499 eael-post-grid-style-two\" data-layout-mode=\"grid\"><article class=\"eael-grid-post  eael-post-grid-column eael-pg-post-12194 category-comunicados\" data-id=\"12194\">\n    <div class=\"eael-grid-post-holder\">\n        <div class=\"eael-grid-post-holder-inner\"><div class=\"eael-entry-media\"><div class=\"eael-entry-overlay slide-up\"><i class=\"fas fa-angle-right\" aria-hidden=\"true\"><\/i><a href=\"https:\/\/fedebiocombustibles.com\/en\/cambio-en-la-presidencia-de-la-federacion-nacional-de-biocombustibles-de-colombia\/\"><\/a><\/div><div class=\"eael-entry-thumbnail\">\n                            <img decoding=\"async\" width=\"370\" height=\"208\" src=\"https:\/\/fedebiocombustibles.com\/wp-content\/uploads\/2025\/11\/Carlos-Mateus-2-scaled.png\" class=\"attachment-contentberg-grid size-contentberg-grid wp-image-12196\" alt=\"\" srcset=\"https:\/\/fedebiocombustibles.com\/wp-content\/uploads\/2025\/11\/Carlos-Mateus-2-scaled.png 2560w, https:\/\/fedebiocombustibles.com\/wp-content\/uploads\/2025\/11\/Carlos-Mateus-2-300x169.png 300w, https:\/\/fedebiocombustibles.com\/wp-content\/uploads\/2025\/11\/Carlos-Mateus-2-1024x576.png 1024w, https:\/\/fedebiocombustibles.com\/wp-content\/uploads\/2025\/11\/Carlos-Mateus-2-768x432.png 768w, https:\/\/fedebiocombustibles.com\/wp-content\/uploads\/2025\/11\/Carlos-Mateus-2-1536x864.png 1536w\" sizes=\"(max-width: 370px) 100vw, 370px\" \/>\n                            <\/div>\n                    <\/div><div class=\"eael-entry-wrapper\"><header class=\"eael-entry-header\"><h2 class=\"eael-entry-title\"><a class=\"eael-grid-post-link\" href=\"https:\/\/fedebiocombustibles.com\/en\/cambio-en-la-presidencia-de-la-federacion-nacional-de-biocombustibles-de-colombia\/\" title=\"Cambio en la Presidencia de la Federaci\u00f3n Nacional de Biocombustibles de Colombia\">Cambio en la Presidencia de la Federaci\u00f3n Nacional de Biocombustibles de Colombia<\/a><\/h2><\/header><div class=\"eael-entry-content\">\n                                <div class=\"eael-grid-post-excerpt\"><p>Durante la V Conferencia Internacional de Biocombustibles, se present\u00f3 el Corolla...<\/p><a href=\"https:\/\/fedebiocombustibles.com\/en\/cambio-en-la-presidencia-de-la-federacion-nacional-de-biocombustibles-de-colombia\/\" class=\"eael-post-elements-readmore-btn\">Leer m\u00e1s<\/a><\/div>\n                            <\/div><\/div><\/div>\n    <\/div>\n<\/article><article class=\"eael-grid-post  eael-post-grid-column eael-pg-post-12020 category-comunicados\" data-id=\"12020\">\n    <div class=\"eael-grid-post-holder\">\n        <div class=\"eael-grid-post-holder-inner\"><div class=\"eael-entry-media\"><div class=\"eael-entry-overlay slide-up\"><i class=\"fas fa-angle-right\" aria-hidden=\"true\"><\/i><a href=\"https:\/\/fedebiocombustibles.com\/en\/colombia-da-el-primer-paso-para-la-produccion-de-combustible-sostenible-de-aviacion-saf\/\"><\/a><\/div><div class=\"eael-entry-thumbnail\">\n                            <img decoding=\"async\" width=\"370\" height=\"245\" src=\"https:\/\/fedebiocombustibles.com\/wp-content\/uploads\/2025\/05\/Asi-es-el-auto-hibrido-con-bioetanol-de-cana-100-colombiano-presentado-en-Santa-Marta-370x245.jpg\" class=\"attachment-contentberg-grid size-contentberg-grid wp-image-11901\" alt=\"As\u00ed es el auto h\u00edbrido con bioetanol de ca\u00f1a 100% colombiano presentado en Santa Marta\" srcset=\"https:\/\/fedebiocombustibles.com\/wp-content\/uploads\/2025\/05\/Asi-es-el-auto-hibrido-con-bioetanol-de-cana-100-colombiano-presentado-en-Santa-Marta-370x245.jpg 370w, https:\/\/fedebiocombustibles.com\/wp-content\/uploads\/2025\/05\/Asi-es-el-auto-hibrido-con-bioetanol-de-cana-100-colombiano-presentado-en-Santa-Marta-300x200.jpg 300w, https:\/\/fedebiocombustibles.com\/wp-content\/uploads\/2025\/05\/Asi-es-el-auto-hibrido-con-bioetanol-de-cana-100-colombiano-presentado-en-Santa-Marta-1024x682.jpg 1024w, https:\/\/fedebiocombustibles.com\/wp-content\/uploads\/2025\/05\/Asi-es-el-auto-hibrido-con-bioetanol-de-cana-100-colombiano-presentado-en-Santa-Marta-1536x1023.jpg 1536w, https:\/\/fedebiocombustibles.com\/wp-content\/uploads\/2025\/05\/Asi-es-el-auto-hibrido-con-bioetanol-de-cana-100-colombiano-presentado-en-Santa-Marta-18x12.jpg 18w, https:\/\/fedebiocombustibles.com\/wp-content\/uploads\/2025\/05\/Asi-es-el-auto-hibrido-con-bioetanol-de-cana-100-colombiano-presentado-en-Santa-Marta-270x180.jpg 270w\" sizes=\"(max-width: 370px) 100vw, 370px\" \/>\n                            <\/div>\n                    <\/div><div class=\"eael-entry-wrapper\"><header class=\"eael-entry-header\"><h2 class=\"eael-entry-title\"><a class=\"eael-grid-post-link\" href=\"https:\/\/fedebiocombustibles.com\/en\/colombia-da-el-primer-paso-para-la-produccion-de-combustible-sostenible-de-aviacion-saf\/\" title=\"Colombia da el primer paso para la producci\u00f3n de combustible sostenible de aviaci\u00f3n (SAF)\">Colombia da el primer paso para la producci\u00f3n de combustible sostenible de aviaci\u00f3n (SAF)<\/a><\/h2><\/header><div class=\"eael-entry-content\">\n                                <div class=\"eael-grid-post-excerpt\"><p>Durante la V Conferencia Internacional de Biocombustibles, se present\u00f3 el Corolla...<\/p><a href=\"https:\/\/fedebiocombustibles.com\/en\/colombia-da-el-primer-paso-para-la-produccion-de-combustible-sostenible-de-aviacion-saf\/\" class=\"eael-post-elements-readmore-btn\">Leer m\u00e1s<\/a><\/div>\n                            <\/div><\/div><\/div>\n    <\/div>\n<\/article><\/div>\n            <div class=\"clearfix\"><\/div>\n        <\/div>            <div class=\"eael-load-more-button-wrap\">\n                <button class=\"eael-load-more-button\" id=\"eael-load-more-btn-bb74499\" data-widget-id=\"bb74499\" data-widget=\"bb74499\" data-page-id=\"8572\" data-template=\"{&quot;dir&quot;:&quot;lite&quot;,&quot;file_name&quot;:&quot;two.php&quot;,&quot;name&quot;:&quot;Post-Grid&quot;}\" data-class=\"Essential_Addons_Elementor\\Elements\\Post_Grid\" data-layout=\"grid\" data-page=\"1\" data-args=\"orderby=date&amp;order=desc&amp;ignore_sticky_posts=1&amp;post_status=publish&amp;posts_per_page=2&amp;offset=0&amp;post_type=post&amp;tax_query%5B0%5D%5Btaxonomy%5D=category&amp;tax_query%5B0%5D%5Bfield%5D=term_id&amp;tax_query%5B0%5D%5Bterms%5D%5B0%5D=3&amp;tax_query%5B0%5D%5Bterms%5D%5B1%5D=2&amp;tax_query%5B0%5D%5Bterms%5D%5B2%5D=9&amp;tax_query%5Brelation%5D=AND\" data-max-page=\"44\">\n                    <span class=\"eael-btn-loader button__loader\"><\/span>\n                    <span class=\"eael_load_more_text\">Cargar m\u00e1s<\/span>\n                <\/button>\n            <\/div>\n            \t\t\t\t<\/div>\n\t\t\t\t<\/div>\n\t\t\t\t\t<\/div>\n\t\t<\/div>\n\t\t\t\t<div class=\"elementor-column elementor-col-20 elementor-top-column elementor-element elementor-element-e3b04ca\" data-id=\"e3b04ca\" data-element_type=\"column\" data-e-type=\"column\">\n\t\t\t<div class=\"elementor-widget-wrap\">\n\t\t\t\t\t\t\t<\/div>\n\t\t<\/div>\n\t\t\t\t\t<\/div>\n\t\t<\/section>\n\t\t\t\t<\/div>","protected":false},"excerpt":{"rendered":"<p>Para 2050, la industria aeron\u00e1utica podr\u00eda alcanzar cero emisiones con el uso de SAF, y Colombia podr\u00eda ser un l\u00edder clave Bogot\u00e1, D.C., julio de 2024. Hoy, Colombia da un paso decisivo hacia un futuro m\u00e1s verde y sostenible con el Primer Congreso Panamericano de Combustibles Sostenibles de Aviaci\u00f3n, organizado por Fedebiocombustibles, la Coalici\u00f3n Panamericana<\/p>","protected":false},"author":1,"featured_media":8573,"comment_status":"closed","ping_status":"open","sticky":false,"template":"elementor_canvas","format":"standard","meta":{"_monsterinsights_skip_tracking":false,"_monsterinsights_sitenote_active":false,"_monsterinsights_sitenote_note":"","_monsterinsights_sitenote_category":0,"footnotes":""},"categories":[9],"tags":[],"class_list":{"0":"post-8572","1":"post","2":"type-post","3":"status-publish","4":"format-standard","5":"has-post-thumbnail","7":"category-comunicados"},"yoast_head":"<!-- This site is optimized with the Yoast SEO plugin v27.4 - https:\/\/yoast.com\/product\/yoast-seo-wordpress\/ -->\n<title>Para 2050, la industria aeron\u00e1utica podr\u00eda alcanzar cero emisiones con el uso de SAF, y Colombia podr\u00eda ser un l\u00edder clave<\/title>\n<meta name=\"description\" content=\"Para 2050, la industria aeron\u00e1utica podr\u00eda alcanzar cero emisiones con el uso de SAF, y Colombia podr\u00eda ser un l\u00edder clave\" \/>\n<meta name=\"robots\" content=\"index, follow, max-snippet:-1, max-image-preview:large, max-video-preview:-1\" \/>\n<link rel=\"canonical\" href=\"https:\/\/fedebiocombustibles.com\/en\/para-2050-la-industria-aeronautica-podria-alcanzar-cero-emisiones-con-el-uso-de-saf-y-colombia-podria-ser-un-lider-clave\/\" \/>\n<meta property=\"og:locale\" content=\"en_US\" \/>\n<meta property=\"og:type\" content=\"article\" \/>\n<meta property=\"og:title\" content=\"Para 2050, la industria aeron\u00e1utica podr\u00eda alcanzar cero emisiones con el uso de SAF, y Colombia podr\u00eda ser un l\u00edder clave\" \/>\n<meta property=\"og:description\" content=\"Para 2050, la industria aeron\u00e1utica podr\u00eda alcanzar cero emisiones con el uso de SAF, y Colombia podr\u00eda ser un l\u00edder clave\" \/>\n<meta property=\"og:url\" content=\"https:\/\/fedebiocombustibles.com\/en\/para-2050-la-industria-aeronautica-podria-alcanzar-cero-emisiones-con-el-uso-de-saf-y-colombia-podria-ser-un-lider-clave\/\" \/>\n<meta property=\"og:site_name\" content=\"Federaci\u00f3n Nacional de Biocombustibles\" \/>\n<meta property=\"article:published_time\" content=\"2024-08-02T21:44:41+00:00\" \/>\n<meta property=\"article:modified_time\" content=\"2024-09-18T15:36:59+00:00\" \/>\n<meta property=\"og:image\" content=\"https:\/\/fedebiocombustibles.com\/wp-content\/uploads\/2024\/08\/comunicado-scaled.jpg\" \/>\n\t<meta property=\"og:image:width\" content=\"2560\" \/>\n\t<meta property=\"og:image:height\" content=\"1705\" \/>\n\t<meta property=\"og:image:type\" content=\"image\/jpeg\" \/>\n<meta name=\"author\" content=\"MD-Fedebio\" \/>\n<meta name=\"twitter:card\" content=\"summary_large_image\" \/>\n<meta name=\"twitter:label1\" content=\"Written by\" \/>\n\t<meta name=\"twitter:data1\" content=\"MD-Fedebio\" \/>\n\t<meta name=\"twitter:label2\" content=\"Est. reading time\" \/>\n\t<meta name=\"twitter:data2\" content=\"5 minutes\" \/>\n<script type=\"application\/ld+json\" class=\"yoast-schema-graph\">{\"@context\":\"https:\\\/\\\/schema.org\",\"@graph\":[{\"@type\":\"Article\",\"@id\":\"https:\\\/\\\/fedebiocombustibles.com\\\/para-2050-la-industria-aeronautica-podria-alcanzar-cero-emisiones-con-el-uso-de-saf-y-colombia-podria-ser-un-lider-clave\\\/#article\",\"isPartOf\":{\"@id\":\"https:\\\/\\\/fedebiocombustibles.com\\\/para-2050-la-industria-aeronautica-podria-alcanzar-cero-emisiones-con-el-uso-de-saf-y-colombia-podria-ser-un-lider-clave\\\/\"},\"author\":{\"name\":\"MD-Fedebio\",\"@id\":\"https:\\\/\\\/fedebiocombustibles.com\\\/#\\\/schema\\\/person\\\/77df2713a53f1ecd515b1a69f25fcf1d\"},\"headline\":\"Para 2050, la industria aeron\u00e1utica podr\u00eda alcanzar cero emisiones con el uso de SAF, y Colombia podr\u00eda ser un l\u00edder clave\",\"datePublished\":\"2024-08-02T21:44:41+00:00\",\"dateModified\":\"2024-09-18T15:36:59+00:00\",\"mainEntityOfPage\":{\"@id\":\"https:\\\/\\\/fedebiocombustibles.com\\\/para-2050-la-industria-aeronautica-podria-alcanzar-cero-emisiones-con-el-uso-de-saf-y-colombia-podria-ser-un-lider-clave\\\/\"},\"wordCount\":1035,\"image\":{\"@id\":\"https:\\\/\\\/fedebiocombustibles.com\\\/para-2050-la-industria-aeronautica-podria-alcanzar-cero-emisiones-con-el-uso-de-saf-y-colombia-podria-ser-un-lider-clave\\\/#primaryimage\"},\"thumbnailUrl\":\"https:\\\/\\\/fedebiocombustibles.com\\\/wp-content\\\/uploads\\\/2024\\\/08\\\/comunicado-scaled.jpg\",\"articleSection\":[\"Comunicados\"],\"inLanguage\":\"en-US\"},{\"@type\":\"WebPage\",\"@id\":\"https:\\\/\\\/fedebiocombustibles.com\\\/para-2050-la-industria-aeronautica-podria-alcanzar-cero-emisiones-con-el-uso-de-saf-y-colombia-podria-ser-un-lider-clave\\\/\",\"url\":\"https:\\\/\\\/fedebiocombustibles.com\\\/para-2050-la-industria-aeronautica-podria-alcanzar-cero-emisiones-con-el-uso-de-saf-y-colombia-podria-ser-un-lider-clave\\\/\",\"name\":\"Para 2050, la industria aeron\u00e1utica podr\u00eda alcanzar cero emisiones con el uso de SAF, y Colombia podr\u00eda ser un l\u00edder clave\",\"isPartOf\":{\"@id\":\"https:\\\/\\\/fedebiocombustibles.com\\\/#website\"},\"primaryImageOfPage\":{\"@id\":\"https:\\\/\\\/fedebiocombustibles.com\\\/para-2050-la-industria-aeronautica-podria-alcanzar-cero-emisiones-con-el-uso-de-saf-y-colombia-podria-ser-un-lider-clave\\\/#primaryimage\"},\"image\":{\"@id\":\"https:\\\/\\\/fedebiocombustibles.com\\\/para-2050-la-industria-aeronautica-podria-alcanzar-cero-emisiones-con-el-uso-de-saf-y-colombia-podria-ser-un-lider-clave\\\/#primaryimage\"},\"thumbnailUrl\":\"https:\\\/\\\/fedebiocombustibles.com\\\/wp-content\\\/uploads\\\/2024\\\/08\\\/comunicado-scaled.jpg\",\"datePublished\":\"2024-08-02T21:44:41+00:00\",\"dateModified\":\"2024-09-18T15:36:59+00:00\",\"author\":{\"@id\":\"https:\\\/\\\/fedebiocombustibles.com\\\/#\\\/schema\\\/person\\\/77df2713a53f1ecd515b1a69f25fcf1d\"},\"description\":\"Para 2050, la industria aeron\u00e1utica podr\u00eda alcanzar cero emisiones con el uso de SAF, y Colombia podr\u00eda ser un l\u00edder clave\",\"breadcrumb\":{\"@id\":\"https:\\\/\\\/fedebiocombustibles.com\\\/para-2050-la-industria-aeronautica-podria-alcanzar-cero-emisiones-con-el-uso-de-saf-y-colombia-podria-ser-un-lider-clave\\\/#breadcrumb\"},\"inLanguage\":\"en-US\",\"potentialAction\":[{\"@type\":\"ReadAction\",\"target\":[\"https:\\\/\\\/fedebiocombustibles.com\\\/para-2050-la-industria-aeronautica-podria-alcanzar-cero-emisiones-con-el-uso-de-saf-y-colombia-podria-ser-un-lider-clave\\\/\"]}]},{\"@type\":\"ImageObject\",\"inLanguage\":\"en-US\",\"@id\":\"https:\\\/\\\/fedebiocombustibles.com\\\/para-2050-la-industria-aeronautica-podria-alcanzar-cero-emisiones-con-el-uso-de-saf-y-colombia-podria-ser-un-lider-clave\\\/#primaryimage\",\"url\":\"https:\\\/\\\/fedebiocombustibles.com\\\/wp-content\\\/uploads\\\/2024\\\/08\\\/comunicado-scaled.jpg\",\"contentUrl\":\"https:\\\/\\\/fedebiocombustibles.com\\\/wp-content\\\/uploads\\\/2024\\\/08\\\/comunicado-scaled.jpg\",\"width\":2560,\"height\":1705},{\"@type\":\"BreadcrumbList\",\"@id\":\"https:\\\/\\\/fedebiocombustibles.com\\\/para-2050-la-industria-aeronautica-podria-alcanzar-cero-emisiones-con-el-uso-de-saf-y-colombia-podria-ser-un-lider-clave\\\/#breadcrumb\",\"itemListElement\":[{\"@type\":\"ListItem\",\"position\":1,\"name\":\"Portada\",\"item\":\"https:\\\/\\\/fedebiocombustibles.com\\\/\"},{\"@type\":\"ListItem\",\"position\":2,\"name\":\"Para 2050, la industria aeron\u00e1utica podr\u00eda alcanzar cero emisiones con el uso de SAF, y Colombia podr\u00eda ser un l\u00edder clave\"}]},{\"@type\":\"WebSite\",\"@id\":\"https:\\\/\\\/fedebiocombustibles.com\\\/#website\",\"url\":\"https:\\\/\\\/fedebiocombustibles.com\\\/\",\"name\":\"Federaci\u00f3n Nacional de Biocombustibles\",\"description\":\"Colombia\",\"potentialAction\":[{\"@type\":\"SearchAction\",\"target\":{\"@type\":\"EntryPoint\",\"urlTemplate\":\"https:\\\/\\\/fedebiocombustibles.com\\\/?s={search_term_string}\"},\"query-input\":{\"@type\":\"PropertyValueSpecification\",\"valueRequired\":true,\"valueName\":\"search_term_string\"}}],\"inLanguage\":\"en-US\"},{\"@type\":\"Person\",\"@id\":\"https:\\\/\\\/fedebiocombustibles.com\\\/#\\\/schema\\\/person\\\/77df2713a53f1ecd515b1a69f25fcf1d\",\"name\":\"MD-Fedebio\",\"image\":{\"@type\":\"ImageObject\",\"inLanguage\":\"en-US\",\"@id\":\"https:\\\/\\\/fedebiocombustibles.com\\\/wp-content\\\/litespeed\\\/avatar\\\/18a51d442641b2db9eceb84b538662f6.jpg?ver=1776819910\",\"url\":\"https:\\\/\\\/fedebiocombustibles.com\\\/wp-content\\\/litespeed\\\/avatar\\\/18a51d442641b2db9eceb84b538662f6.jpg?ver=1776819910\",\"contentUrl\":\"https:\\\/\\\/fedebiocombustibles.com\\\/wp-content\\\/litespeed\\\/avatar\\\/18a51d442641b2db9eceb84b538662f6.jpg?ver=1776819910\",\"caption\":\"MD-Fedebio\"},\"sameAs\":[\"https:\\\/\\\/fedebiocombustibles.com\"],\"url\":\"https:\\\/\\\/fedebiocombustibles.com\\\/en\\\/author\\\/md-fedebio\\\/\"}]}<\/script>\n<!-- \/ Yoast SEO plugin. -->","yoast_head_json":{"title":"Para 2050, la industria aeron\u00e1utica podr\u00eda alcanzar cero emisiones con el uso de SAF, y Colombia podr\u00eda ser un l\u00edder clave","description":"Para 2050, la industria aeron\u00e1utica podr\u00eda alcanzar cero emisiones con el uso de SAF, y Colombia podr\u00eda ser un l\u00edder clave","robots":{"index":"index","follow":"follow","max-snippet":"max-snippet:-1","max-image-preview":"max-image-preview:large","max-video-preview":"max-video-preview:-1"},"canonical":"https:\/\/fedebiocombustibles.com\/en\/para-2050-la-industria-aeronautica-podria-alcanzar-cero-emisiones-con-el-uso-de-saf-y-colombia-podria-ser-un-lider-clave\/","og_locale":"en_US","og_type":"article","og_title":"Para 2050, la industria aeron\u00e1utica podr\u00eda alcanzar cero emisiones con el uso de SAF, y Colombia podr\u00eda ser un l\u00edder clave","og_description":"Para 2050, la industria aeron\u00e1utica podr\u00eda alcanzar cero emisiones con el uso de SAF, y Colombia podr\u00eda ser un l\u00edder clave","og_url":"https:\/\/fedebiocombustibles.com\/en\/para-2050-la-industria-aeronautica-podria-alcanzar-cero-emisiones-con-el-uso-de-saf-y-colombia-podria-ser-un-lider-clave\/","og_site_name":"Federaci\u00f3n Nacional de Biocombustibles","article_published_time":"2024-08-02T21:44:41+00:00","article_modified_time":"2024-09-18T15:36:59+00:00","og_image":[{"width":2560,"height":1705,"url":"https:\/\/fedebiocombustibles.com\/wp-content\/uploads\/2024\/08\/comunicado-scaled.jpg","type":"image\/jpeg"}],"author":"MD-Fedebio","twitter_card":"summary_large_image","twitter_misc":{"Written by":"MD-Fedebio","Est. reading time":"5 minutes"},"schema":{"@context":"https:\/\/schema.org","@graph":[{"@type":"Article","@id":"https:\/\/fedebiocombustibles.com\/para-2050-la-industria-aeronautica-podria-alcanzar-cero-emisiones-con-el-uso-de-saf-y-colombia-podria-ser-un-lider-clave\/#article","isPartOf":{"@id":"https:\/\/fedebiocombustibles.com\/para-2050-la-industria-aeronautica-podria-alcanzar-cero-emisiones-con-el-uso-de-saf-y-colombia-podria-ser-un-lider-clave\/"},"author":{"name":"MD-Fedebio","@id":"https:\/\/fedebiocombustibles.com\/#\/schema\/person\/77df2713a53f1ecd515b1a69f25fcf1d"},"headline":"Para 2050, la industria aeron\u00e1utica podr\u00eda alcanzar cero emisiones con el uso de SAF, y Colombia podr\u00eda ser un l\u00edder clave","datePublished":"2024-08-02T21:44:41+00:00","dateModified":"2024-09-18T15:36:59+00:00","mainEntityOfPage":{"@id":"https:\/\/fedebiocombustibles.com\/para-2050-la-industria-aeronautica-podria-alcanzar-cero-emisiones-con-el-uso-de-saf-y-colombia-podria-ser-un-lider-clave\/"},"wordCount":1035,"image":{"@id":"https:\/\/fedebiocombustibles.com\/para-2050-la-industria-aeronautica-podria-alcanzar-cero-emisiones-con-el-uso-de-saf-y-colombia-podria-ser-un-lider-clave\/#primaryimage"},"thumbnailUrl":"https:\/\/fedebiocombustibles.com\/wp-content\/uploads\/2024\/08\/comunicado-scaled.jpg","articleSection":["Comunicados"],"inLanguage":"en-US"},{"@type":"WebPage","@id":"https:\/\/fedebiocombustibles.com\/para-2050-la-industria-aeronautica-podria-alcanzar-cero-emisiones-con-el-uso-de-saf-y-colombia-podria-ser-un-lider-clave\/","url":"https:\/\/fedebiocombustibles.com\/para-2050-la-industria-aeronautica-podria-alcanzar-cero-emisiones-con-el-uso-de-saf-y-colombia-podria-ser-un-lider-clave\/","name":"Para 2050, la industria aeron\u00e1utica podr\u00eda alcanzar cero emisiones con el uso de SAF, y Colombia podr\u00eda ser un l\u00edder clave","isPartOf":{"@id":"https:\/\/fedebiocombustibles.com\/#website"},"primaryImageOfPage":{"@id":"https:\/\/fedebiocombustibles.com\/para-2050-la-industria-aeronautica-podria-alcanzar-cero-emisiones-con-el-uso-de-saf-y-colombia-podria-ser-un-lider-clave\/#primaryimage"},"image":{"@id":"https:\/\/fedebiocombustibles.com\/para-2050-la-industria-aeronautica-podria-alcanzar-cero-emisiones-con-el-uso-de-saf-y-colombia-podria-ser-un-lider-clave\/#primaryimage"},"thumbnailUrl":"https:\/\/fedebiocombustibles.com\/wp-content\/uploads\/2024\/08\/comunicado-scaled.jpg","datePublished":"2024-08-02T21:44:41+00:00","dateModified":"2024-09-18T15:36:59+00:00","author":{"@id":"https:\/\/fedebiocombustibles.com\/#\/schema\/person\/77df2713a53f1ecd515b1a69f25fcf1d"},"description":"Para 2050, la industria aeron\u00e1utica podr\u00eda alcanzar cero emisiones con el uso de SAF, y Colombia podr\u00eda ser un l\u00edder clave","breadcrumb":{"@id":"https:\/\/fedebiocombustibles.com\/para-2050-la-industria-aeronautica-podria-alcanzar-cero-emisiones-con-el-uso-de-saf-y-colombia-podria-ser-un-lider-clave\/#breadcrumb"},"inLanguage":"en-US","potentialAction":[{"@type":"ReadAction","target":["https:\/\/fedebiocombustibles.com\/para-2050-la-industria-aeronautica-podria-alcanzar-cero-emisiones-con-el-uso-de-saf-y-colombia-podria-ser-un-lider-clave\/"]}]},{"@type":"ImageObject","inLanguage":"en-US","@id":"https:\/\/fedebiocombustibles.com\/para-2050-la-industria-aeronautica-podria-alcanzar-cero-emisiones-con-el-uso-de-saf-y-colombia-podria-ser-un-lider-clave\/#primaryimage","url":"https:\/\/fedebiocombustibles.com\/wp-content\/uploads\/2024\/08\/comunicado-scaled.jpg","contentUrl":"https:\/\/fedebiocombustibles.com\/wp-content\/uploads\/2024\/08\/comunicado-scaled.jpg","width":2560,"height":1705},{"@type":"BreadcrumbList","@id":"https:\/\/fedebiocombustibles.com\/para-2050-la-industria-aeronautica-podria-alcanzar-cero-emisiones-con-el-uso-de-saf-y-colombia-podria-ser-un-lider-clave\/#breadcrumb","itemListElement":[{"@type":"ListItem","position":1,"name":"Portada","item":"https:\/\/fedebiocombustibles.com\/"},{"@type":"ListItem","position":2,"name":"Para 2050, la industria aeron\u00e1utica podr\u00eda alcanzar cero emisiones con el uso de SAF, y Colombia podr\u00eda ser un l\u00edder clave"}]},{"@type":"WebSite","@id":"https:\/\/fedebiocombustibles.com\/#website","url":"https:\/\/fedebiocombustibles.com\/","name":"Federaci\u00f3n Nacional de Biocombustibles","description":"Colombia","potentialAction":[{"@type":"SearchAction","target":{"@type":"EntryPoint","urlTemplate":"https:\/\/fedebiocombustibles.com\/?s={search_term_string}"},"query-input":{"@type":"PropertyValueSpecification","valueRequired":true,"valueName":"search_term_string"}}],"inLanguage":"en-US"},{"@type":"Person","@id":"https:\/\/fedebiocombustibles.com\/#\/schema\/person\/77df2713a53f1ecd515b1a69f25fcf1d","name":"MD-Fedebio","image":{"@type":"ImageObject","inLanguage":"en-US","@id":"https:\/\/fedebiocombustibles.com\/wp-content\/litespeed\/avatar\/18a51d442641b2db9eceb84b538662f6.jpg?ver=1776819910","url":"https:\/\/fedebiocombustibles.com\/wp-content\/litespeed\/avatar\/18a51d442641b2db9eceb84b538662f6.jpg?ver=1776819910","contentUrl":"https:\/\/fedebiocombustibles.com\/wp-content\/litespeed\/avatar\/18a51d442641b2db9eceb84b538662f6.jpg?ver=1776819910","caption":"MD-Fedebio"},"sameAs":["https:\/\/fedebiocombustibles.com"],"url":"https:\/\/fedebiocombustibles.com\/en\/author\/md-fedebio\/"}]}},"_links":{"self":[{"href":"https:\/\/fedebiocombustibles.com\/en\/wp-json\/wp\/v2\/posts\/8572","targetHints":{"allow":["GET"]}}],"collection":[{"href":"https:\/\/fedebiocombustibles.com\/en\/wp-json\/wp\/v2\/posts"}],"about":[{"href":"https:\/\/fedebiocombustibles.com\/en\/wp-json\/wp\/v2\/types\/post"}],"author":[{"embeddable":true,"href":"https:\/\/fedebiocombustibles.com\/en\/wp-json\/wp\/v2\/users\/1"}],"replies":[{"embeddable":true,"href":"https:\/\/fedebiocombustibles.com\/en\/wp-json\/wp\/v2\/comments?post=8572"}],"version-history":[{"count":7,"href":"https:\/\/fedebiocombustibles.com\/en\/wp-json\/wp\/v2\/posts\/8572\/revisions"}],"predecessor-version":[{"id":8580,"href":"https:\/\/fedebiocombustibles.com\/en\/wp-json\/wp\/v2\/posts\/8572\/revisions\/8580"}],"wp:featuredmedia":[{"embeddable":true,"href":"https:\/\/fedebiocombustibles.com\/en\/wp-json\/wp\/v2\/media\/8573"}],"wp:attachment":[{"href":"https:\/\/fedebiocombustibles.com\/en\/wp-json\/wp\/v2\/media?parent=8572"}],"wp:term":[{"taxonomy":"category","embeddable":true,"href":"https:\/\/fedebiocombustibles.com\/en\/wp-json\/wp\/v2\/categories?post=8572"},{"taxonomy":"post_tag","embeddable":true,"href":"https:\/\/fedebiocombustibles.com\/en\/wp-json\/wp\/v2\/tags?post=8572"}],"curies":[{"name":"wp","href":"https:\/\/api.w.org\/{rel}","templated":true}]}}