{"id":712,"date":"2022-01-03T14:58:22","date_gmt":"2022-01-03T14:58:22","guid":{"rendered":"https:\/\/fedebiocombustibles.com\/?p=712"},"modified":"2024-09-18T10:41:52","modified_gmt":"2024-09-18T15:41:52","slug":"generar-49-mil-nuevos-empleos-en-12-anos-el-reto-del-sector-de-los-biocombustibles","status":"publish","type":"post","link":"https:\/\/fedebiocombustibles.com\/en\/generar-49-mil-nuevos-empleos-en-12-anos-el-reto-del-sector-de-los-biocombustibles\/","title":{"rendered":"Generar 49 mil nuevos empleos en 12 a\u00f1os el reto del sector de los biocombustibles"},"content":{"rendered":"<div data-elementor-type=\"wp-post\" data-elementor-id=\"712\" class=\"elementor elementor-712\" data-elementor-post-type=\"post\">\n\t\t\t\t\t\t<section class=\"elementor-section elementor-top-section elementor-element elementor-element-d058b5d elementor-section-full_width elementor-section-height-default elementor-section-height-default\" data-id=\"d058b5d\" data-element_type=\"section\" data-e-type=\"section\">\n\t\t\t\t\t\t<div class=\"elementor-container elementor-column-gap-default\">\n\t\t\t\t\t<div class=\"elementor-column elementor-col-20 elementor-top-column elementor-element elementor-element-351726d\" data-id=\"351726d\" data-element_type=\"column\" data-e-type=\"column\">\n\t\t\t<div class=\"elementor-widget-wrap\">\n\t\t\t\t\t\t\t<\/div>\n\t\t<\/div>\n\t\t\t\t<div class=\"elementor-column elementor-col-20 elementor-top-column elementor-element elementor-element-81676ec\" data-id=\"81676ec\" data-element_type=\"column\" data-e-type=\"column\">\n\t\t\t<div class=\"elementor-widget-wrap elementor-element-populated\">\n\t\t\t\t\t\t<div class=\"elementor-element elementor-element-b3aa26e elementor-widget elementor-widget-heading\" data-id=\"b3aa26e\" data-element_type=\"widget\" data-e-type=\"widget\" data-widget_type=\"heading.default\">\n\t\t\t\t<div class=\"elementor-widget-container\">\n\t\t\t\t\t<h1 class=\"elementor-heading-title elementor-size-default\">Generar 49 mil nuevos empleos en 12 a\u00f1os el reto del sector de los biocombustibles<\/h1>\t\t\t\t<\/div>\n\t\t\t\t<\/div>\n\t\t\t\t<div class=\"elementor-element elementor-element-4797190 elementor-widget elementor-widget-image\" data-id=\"4797190\" data-element_type=\"widget\" data-e-type=\"widget\" data-widget_type=\"image.default\">\n\t\t\t\t<div class=\"elementor-widget-container\">\n\t\t\t\t\t\t\t\t\t\t\t\t\t\t\t<img fetchpriority=\"high\" decoding=\"async\" width=\"720\" height=\"478\" src=\"https:\/\/fedebiocombustibles.com\/wp-content\/uploads\/2022\/01\/EL_FRENTE_02021012013017017019_COMBUSTIBLES.jpg\" class=\"attachment-full size-full wp-image-715\" alt=\"\" srcset=\"https:\/\/fedebiocombustibles.com\/wp-content\/uploads\/2022\/01\/EL_FRENTE_02021012013017017019_COMBUSTIBLES.jpg 720w, https:\/\/fedebiocombustibles.com\/wp-content\/uploads\/2022\/01\/EL_FRENTE_02021012013017017019_COMBUSTIBLES-300x199.jpg 300w, https:\/\/fedebiocombustibles.com\/wp-content\/uploads\/2022\/01\/EL_FRENTE_02021012013017017019_COMBUSTIBLES-270x180.jpg 270w, https:\/\/fedebiocombustibles.com\/wp-content\/uploads\/2022\/01\/EL_FRENTE_02021012013017017019_COMBUSTIBLES-370x245.jpg 370w\" sizes=\"(max-width: 720px) 100vw, 720px\" \/>\t\t\t\t\t\t\t\t\t\t\t\t\t\t\t<\/div>\n\t\t\t\t<\/div>\n\t\t\t\t<div class=\"elementor-element elementor-element-ff01bc1 elementor-widget elementor-widget-text-editor\" data-id=\"ff01bc1\" data-element_type=\"widget\" data-e-type=\"widget\" data-widget_type=\"text-editor.default\">\n\t\t\t\t<div class=\"elementor-widget-container\">\n\t\t\t\t\t\t\t\t\t<p>De acuerdo con la consultora Econometr\u00eda, los biocombustibles podr\u00edan llegar a crear 49 mil empleos para la reactivaci\u00f3n econ\u00f3mica, en los pr\u00f3ximos 12 a\u00f1os. Esta industria actualmente aporta un 3,4 % del PIB agr\u00edcola en el pa\u00eds y genera 90 mil empleos principalmente en el campo colombiano.<\/p><p>\u201cEsta es una industria muy valiosa para el pa\u00eds por su capacidad para generar empleo, crecimiento econ\u00f3mico, la reducci\u00f3n del presupuesto nacional en temas ambientales y de salud; el\u00a0 aumento de empleos y la mejor\u00eda de la calidad del aire en el pa\u00eds. En los \u00faltimos a\u00f1os se han hecho muchos esfuerzos valiosos para impulsar su producci\u00f3n y esto ha dado sus frutos\u201d, explic\u00f3 Jorge Bendeck, presidente de Fedebiocombustibles.<\/p><p>De acuerdo con la firma, \u201cfortalecer la producci\u00f3n nacional en 12 a\u00f1os podr\u00eda aumentar en 98.000 las hect\u00e1reas de cultivo, es decir, 14.000 nuevos empleos directos y 35.000 indirectos de la industria\u201d.<\/p><p>\u201cSe ha estimado que por cada 7,5 hect\u00e1reas de palma de aceite se genera un empleo directo y 2,5 indirectos, lo que repercute con fuerza en la econom\u00eda donde los productores est\u00e1n trabajando como son los departamentos de Magdalena, Atl\u00e1ntico, Cesar, Santander, Antioquia, Cundinamarca, Meta, Risaralda y Cauca\u201d, indic\u00f3 el informe.<\/p><p><strong>Impacto ecol\u00f3gico insuperable<\/strong><\/p><p>Otro de los principales y m\u00e1s evidentes beneficios de los biocombustibles para Colombia ha sido la huella ambiental favorable que dejan este tipo de cultivos y la utilizaci\u00f3n de sus derivados como mecanismo para frenar el impacto del cambio clim\u00e1tico.<\/p><p>Seg\u00fan la Federaci\u00f3n Nacional de Biocombustibles, esta industria ha permitido al pa\u00eds mitigar unas 3 millones de toneladas anuales de CO2 y tiene un potencial adicional de reducir otras 866.000 toneladas de gases de efecto invernadero, que se dejar\u00e1n de emitir.<\/p><p>\u201cIncentivar el crecimiento de esta industria supondr\u00eda que en 12 a\u00f1os se cultivar\u00e1n 98,2 mil hect\u00e1reas de palma, lo que a futuro representar\u00e1 una menor dependencia a los combustibles f\u00f3siles y un aporte importante en materia de mejora de la calidad del aire y disminuci\u00f3n del material particulado causante de enfermedades respiratorias\u201d, a\u00f1adi\u00f3 Bendeck.<\/p><p>Otro de los grandes impactos que genera la actividad, de acuerdo con el estudio, es el ahorro al pa\u00eds de 34.682 millones de pesos en proyectos forestales, ya que los cultivos de palma destinados a esta actividad son una gran red de mitigaci\u00f3n de CO2 que colabora con los ecosistemas circundantes.<\/p><p>As\u00ed mismo, Econometr\u00eda hace una estimaci\u00f3n en la que se ve una reducci\u00f3n en la productividad como efecto de la muerte prematuras de m\u00e1s de 11 mil personas como resultado de la mala calidad del aire gracias al establecimiento de nuevas mezclas de biocombustibles como el B12.<\/p><p>\u201cAnte las preocupaciones por el cambio clim\u00e1tico y el impacto de las actividades industriales en la condici\u00f3n del planeta, los biocombustibles se han transformado en una posibilidad a la que debemos continuar apostando como hasta ahora se ha hecho\u201d, indic Bendeck.<\/p>\t\t\t\t\t\t\t\t<\/div>\n\t\t\t\t<\/div>\n\t\t\t\t<div class=\"elementor-element elementor-element-3fd7923 elementor-widget elementor-widget-text-editor\" data-id=\"3fd7923\" data-element_type=\"widget\" data-e-type=\"widget\" data-widget_type=\"text-editor.default\">\n\t\t\t\t<div class=\"elementor-widget-container\">\n\t\t\t\t\t\t\t\t\t<p><strong>Tomado de<\/strong>: <a href=\"https:\/\/www.elfrente.com.co\/web\/index.php?ecsmodule=frmstasection&amp;ida=58&amp;idb=108&amp;idc=72801\">Elfrente.com.co<\/a><\/p>\t\t\t\t\t\t\t\t<\/div>\n\t\t\t\t<\/div>\n\t\t\t\t\t<\/div>\n\t\t<\/div>\n\t\t\t\t<div class=\"elementor-column elementor-col-20 elementor-top-column elementor-element elementor-element-11269ad\" data-id=\"11269ad\" data-element_type=\"column\" data-e-type=\"column\">\n\t\t\t<div class=\"elementor-widget-wrap\">\n\t\t\t\t\t\t\t<\/div>\n\t\t<\/div>\n\t\t\t\t<div class=\"elementor-column elementor-col-20 elementor-top-column elementor-element elementor-element-cd85b40\" data-id=\"cd85b40\" data-element_type=\"column\" data-e-type=\"column\">\n\t\t\t<div class=\"elementor-widget-wrap elementor-element-populated\">\n\t\t\t\t\t\t<section class=\"elementor-section elementor-inner-section elementor-element elementor-element-ac8240e elementor-section-full_width elementor-section-height-default elementor-section-height-default\" data-id=\"ac8240e\" data-element_type=\"section\" data-e-type=\"section\">\n\t\t\t\t\t\t<div class=\"elementor-container elementor-column-gap-default\">\n\t\t\t\t\t<div class=\"elementor-column elementor-col-100 elementor-inner-column elementor-element elementor-element-2753c88\" data-id=\"2753c88\" data-element_type=\"column\" data-e-type=\"column\" data-settings=\"{&quot;background_background&quot;:&quot;classic&quot;}\">\n\t\t\t<div class=\"elementor-widget-wrap elementor-element-populated\">\n\t\t\t\t\t\t<div class=\"elementor-element elementor-element-3671db7 elementor-widget elementor-widget-heading\" data-id=\"3671db7\" data-element_type=\"widget\" data-e-type=\"widget\" data-widget_type=\"heading.default\">\n\t\t\t\t<div class=\"elementor-widget-container\">\n\t\t\t\t\t<h2 class=\"elementor-heading-title elementor-size-default\">Boletines informativos<\/h2>\t\t\t\t<\/div>\n\t\t\t\t<\/div>\n\t\t\t\t<div class=\"elementor-element elementor-element-64c7a0e elementor-widget-divider--view-line elementor-widget elementor-widget-divider\" data-id=\"64c7a0e\" data-element_type=\"widget\" data-e-type=\"widget\" data-widget_type=\"divider.default\">\n\t\t\t\t<div class=\"elementor-widget-container\">\n\t\t\t\t\t\t\t<div class=\"elementor-divider\">\n\t\t\t<span class=\"elementor-divider-separator\">\n\t\t\t\t\t\t<\/span>\n\t\t<\/div>\n\t\t\t\t\t\t<\/div>\n\t\t\t\t<\/div>\n\t\t\t\t<div class=\"elementor-element elementor-element-dc2d3f1 elementor-widget elementor-widget-text-editor\" data-id=\"dc2d3f1\" data-element_type=\"widget\" data-e-type=\"widget\" data-widget_type=\"text-editor.default\">\n\t\t\t\t<div class=\"elementor-widget-container\">\n\t\t\t\t\t\t\t\t\t<p>Registra tus datos para recibir actualizaciones de nuestro bolet\u00edn<\/p>\t\t\t\t\t\t\t\t<\/div>\n\t\t\t\t<\/div>\n\t\t\t\t<div class=\"elementor-element elementor-element-261edf3 eael-contact-form-7-button-full-width elementor-widget elementor-widget-eael-contact-form-7\" data-id=\"261edf3\" data-element_type=\"widget\" data-e-type=\"widget\" data-widget_type=\"eael-contact-form-7.default\">\n\t\t\t\t<div class=\"elementor-widget-container\">\n\t\t\t\t\t<div class=\"eael-contact-form-7-wrapper\">\n                <div class=\"eael-contact-form eael-contact-form-7 eael-contact-form-261edf3 placeholder-show eael-contact-form-align-center\">\n<div class=\"wpcf7 no-js\" id=\"wpcf7-f1047-o1\" lang=\"es-ES\" dir=\"ltr\" data-wpcf7-id=\"1047\">\n<div class=\"screen-reader-response\"><p role=\"status\" aria-live=\"polite\" aria-atomic=\"true\"><\/p> <ul><\/ul><\/div>\n<form action=\"\/en\/wp-json\/wp\/v2\/posts\/712#wpcf7-f1047-o1\" method=\"post\" class=\"wpcf7-form init\" aria-label=\"Formulario de contacto\" novalidate=\"novalidate\" data-status=\"init\" data-trp-original-action=\"\/en\/wp-json\/wp\/v2\/posts\/712#wpcf7-f1047-o1\">\n<fieldset class=\"hidden-fields-container\"><input type=\"hidden\" name=\"_wpcf7\" value=\"1047\" \/><input type=\"hidden\" name=\"_wpcf7_version\" value=\"6.1.5\" \/><input type=\"hidden\" name=\"_wpcf7_locale\" value=\"es_ES\" \/><input type=\"hidden\" name=\"_wpcf7_unit_tag\" value=\"wpcf7-f1047-o1\" \/><input type=\"hidden\" name=\"_wpcf7_container_post\" value=\"0\" \/><input type=\"hidden\" name=\"_wpcf7_posted_data_hash\" value=\"\" \/><input type=\"hidden\" name=\"_wpcf7_recaptcha_response\" value=\"\" \/>\n<\/fieldset>\n<h5 style=\"color: #000000; text-align:center;\">Registra tus datos para recibir actualizaciones de nuestro bolet\u00edn\n<\/h5>\n<p><span class=\"wpcf7-form-control-wrap\" data-name=\"nombres\"><input size=\"40\" maxlength=\"400\" class=\"wpcf7-form-control wpcf7-text wpcf7-validates-as-required\" aria-required=\"true\" aria-invalid=\"false\" placeholder=\"Nombre\" value=\"\" type=\"text\" name=\"nombres\" \/><\/span><br \/>\n<span class=\"wpcf7-form-control-wrap\" data-name=\"email-621\"><input size=\"40\" maxlength=\"400\" class=\"wpcf7-form-control wpcf7-email wpcf7-validates-as-required wpcf7-text wpcf7-validates-as-email\" aria-required=\"true\" aria-invalid=\"false\" placeholder=\"Correo electr\u00f3nico\" value=\"\" type=\"email\" name=\"email-621\" \/><\/span>\n<\/p>\n<h6 style=\"color: #000000; text-align:center;\"> Al suscribirse autoriza el tratamiento de sus datos personales que puede consultar en el <a href=\"https:\/\/fedebiocombustibles.com\/wp-content\/uploads\/2022\/10\/DA-MNL-005-MANUAL-DE-POLITICA-DE-TRATAMIENTO-DE-DATOS-PERSONALES-V2.pdf\"> manual de politicas de tratamiento de datos personales <\/a>\n<\/h6>\n<p><input class=\"wpcf7-form-control wpcf7-submit has-spinner\" type=\"submit\" value=\"Suscr\u00edbete\" \/>\n<\/p><div class=\"wpcf7-response-output\" aria-hidden=\"true\"><\/div>\n<input type=\"hidden\" name=\"trp-form-language\" value=\"en\"\/><\/form>\n<\/div>\n<\/div>\n            <\/div>\t\t\t\t<\/div>\n\t\t\t\t<\/div>\n\t\t\t\t\t<\/div>\n\t\t<\/div>\n\t\t\t\t\t<\/div>\n\t\t<\/section>\n\t\t\t\t<div class=\"elementor-element elementor-element-20327bb elementor-widget elementor-widget-heading\" data-id=\"20327bb\" data-element_type=\"widget\" data-e-type=\"widget\" data-widget_type=\"heading.default\">\n\t\t\t\t<div class=\"elementor-widget-container\">\n\t\t\t\t\t<h2 class=\"elementor-heading-title elementor-size-default\">\u00daltimos Posts<\/h2>\t\t\t\t<\/div>\n\t\t\t\t<\/div>\n\t\t\t\t<div class=\"elementor-element elementor-element-86d7770 elementor-widget-divider--view-line elementor-widget elementor-widget-divider\" data-id=\"86d7770\" data-element_type=\"widget\" data-e-type=\"widget\" data-widget_type=\"divider.default\">\n\t\t\t\t<div class=\"elementor-widget-container\">\n\t\t\t\t\t\t\t<div class=\"elementor-divider\">\n\t\t\t<span class=\"elementor-divider-separator\">\n\t\t\t\t\t\t<\/span>\n\t\t<\/div>\n\t\t\t\t\t\t<\/div>\n\t\t\t\t<\/div>\n\t\t\t\t<section class=\"elementor-section elementor-inner-section elementor-element elementor-element-f12efea elementor-section-full_width elementor-section-height-default elementor-section-height-default\" data-id=\"f12efea\" data-element_type=\"section\" data-e-type=\"section\">\n\t\t\t\t\t\t<div class=\"elementor-container elementor-column-gap-default\">\n\t\t\t\t\t<div class=\"elementor-column elementor-col-50 elementor-inner-column elementor-element elementor-element-9ba987d\" data-id=\"9ba987d\" data-element_type=\"column\" data-e-type=\"column\">\n\t\t\t<div class=\"elementor-widget-wrap elementor-element-populated\">\n\t\t\t\t\t\t<div class=\"elementor-element elementor-element-2ecd6c8 elementor-widget elementor-widget-image\" data-id=\"2ecd6c8\" data-element_type=\"widget\" data-e-type=\"widget\" data-widget_type=\"image.default\">\n\t\t\t\t<div class=\"elementor-widget-container\">\n\t\t\t\t\t\t\t\t\t\t\t\t\t\t\t\t<a href=\"https:\/\/fedebiocombustibles.com\/en\/2022\/01\/03\/proyecto-con-vehiculos-de-carga-reduce-considerablemente-la-mala-calidad-del-aire-en-medellin\/\">\n\t\t\t\t\t\t\t<img decoding=\"async\" width=\"753\" height=\"511\" src=\"https:\/\/fedebiocombustibles.com\/wp-content\/uploads\/2022\/01\/Medio-Ambiente-3.jpg\" class=\"elementor-animation-pop attachment-large size-large wp-image-812\" alt=\"\" srcset=\"https:\/\/fedebiocombustibles.com\/wp-content\/uploads\/2022\/01\/Medio-Ambiente-3.jpg 753w, https:\/\/fedebiocombustibles.com\/wp-content\/uploads\/2022\/01\/Medio-Ambiente-3-300x204.jpg 300w\" sizes=\"(max-width: 753px) 100vw, 753px\" \/>\t\t\t\t\t\t\t\t<\/a>\n\t\t\t\t\t\t\t\t\t\t\t\t\t\t\t<\/div>\n\t\t\t\t<\/div>\n\t\t\t\t\t<\/div>\n\t\t<\/div>\n\t\t\t\t<div class=\"elementor-column elementor-col-50 elementor-inner-column elementor-element elementor-element-24ac332\" data-id=\"24ac332\" data-element_type=\"column\" data-e-type=\"column\">\n\t\t\t<div class=\"elementor-widget-wrap elementor-element-populated\">\n\t\t\t\t\t\t<div class=\"elementor-element elementor-element-09291a0 elementor-widget elementor-widget-heading\" data-id=\"09291a0\" data-element_type=\"widget\" data-e-type=\"widget\" data-widget_type=\"heading.default\">\n\t\t\t\t<div class=\"elementor-widget-container\">\n\t\t\t\t\t<h2 class=\"elementor-heading-title elementor-size-default\">Proyecto con veh\u00edculos de carga reduce \"considerablemente\" la mala calidad del aire en Medell\u00edn<\/h2>\t\t\t\t<\/div>\n\t\t\t\t<\/div>\n\t\t\t\t<div class=\"elementor-element elementor-element-eaaea78 elementor-widget elementor-widget-heading\" data-id=\"eaaea78\" data-element_type=\"widget\" data-e-type=\"widget\" data-widget_type=\"heading.default\">\n\t\t\t\t<div class=\"elementor-widget-container\">\n\t\t\t\t\t<h2 class=\"elementor-heading-title elementor-size-default\">Enero 3 2022<\/h2>\t\t\t\t<\/div>\n\t\t\t\t<\/div>\n\t\t\t\t\t<\/div>\n\t\t<\/div>\n\t\t\t\t\t<\/div>\n\t\t<\/section>\n\t\t\t\t<section class=\"elementor-section elementor-inner-section elementor-element elementor-element-ed2bdc1 elementor-section-full_width elementor-section-height-default elementor-section-height-default\" data-id=\"ed2bdc1\" data-element_type=\"section\" data-e-type=\"section\">\n\t\t\t\t\t\t<div class=\"elementor-container elementor-column-gap-default\">\n\t\t\t\t\t<div class=\"elementor-column elementor-col-50 elementor-inner-column elementor-element elementor-element-afbed15\" data-id=\"afbed15\" data-element_type=\"column\" data-e-type=\"column\">\n\t\t\t<div class=\"elementor-widget-wrap elementor-element-populated\">\n\t\t\t\t\t\t<div class=\"elementor-element elementor-element-604d444 elementor-widget elementor-widget-image\" data-id=\"604d444\" data-element_type=\"widget\" data-e-type=\"widget\" data-widget_type=\"image.default\">\n\t\t\t\t<div class=\"elementor-widget-container\">\n\t\t\t\t\t\t\t\t\t\t\t\t\t\t\t\t<a href=\"https:\/\/fedebiocombustibles.com\/en\/2022\/01\/04\/que-efecto-tienen-los-biocombustibles-en-el-motor-de-un-automovil\/\">\n\t\t\t\t\t\t\t<img decoding=\"async\" width=\"770\" height=\"433\" src=\"https:\/\/fedebiocombustibles.com\/wp-content\/uploads\/2022\/01\/Alternativas-participar-1024x576.jpg\" class=\"elementor-animation-pop attachment-large size-large wp-image-759\" alt=\"\" srcset=\"https:\/\/fedebiocombustibles.com\/wp-content\/uploads\/2022\/01\/Alternativas-participar-1024x576.jpg 1024w, https:\/\/fedebiocombustibles.com\/wp-content\/uploads\/2022\/01\/Alternativas-participar-300x169.jpg 300w, https:\/\/fedebiocombustibles.com\/wp-content\/uploads\/2022\/01\/Alternativas-participar-768x432.jpg 768w, https:\/\/fedebiocombustibles.com\/wp-content\/uploads\/2022\/01\/Alternativas-participar.jpg 1200w\" sizes=\"(max-width: 770px) 100vw, 770px\" \/>\t\t\t\t\t\t\t\t<\/a>\n\t\t\t\t\t\t\t\t\t\t\t\t\t\t\t<\/div>\n\t\t\t\t<\/div>\n\t\t\t\t\t<\/div>\n\t\t<\/div>\n\t\t\t\t<div class=\"elementor-column elementor-col-50 elementor-inner-column elementor-element elementor-element-ddbf662\" data-id=\"ddbf662\" data-element_type=\"column\" data-e-type=\"column\">\n\t\t\t<div class=\"elementor-widget-wrap elementor-element-populated\">\n\t\t\t\t\t\t<div class=\"elementor-element elementor-element-3ba0470 elementor-widget elementor-widget-heading\" data-id=\"3ba0470\" data-element_type=\"widget\" data-e-type=\"widget\" data-widget_type=\"heading.default\">\n\t\t\t\t<div class=\"elementor-widget-container\">\n\t\t\t\t\t<h2 class=\"elementor-heading-title elementor-size-default\">\u00bfQu\u00e9 efecto tienen los biocombustibles en el motor de un autom\u00f3vil?\n<\/h2>\t\t\t\t<\/div>\n\t\t\t\t<\/div>\n\t\t\t\t<div class=\"elementor-element elementor-element-14543fe elementor-widget elementor-widget-heading\" data-id=\"14543fe\" data-element_type=\"widget\" data-e-type=\"widget\" data-widget_type=\"heading.default\">\n\t\t\t\t<div class=\"elementor-widget-container\">\n\t\t\t\t\t<h2 class=\"elementor-heading-title elementor-size-default\">Enero 3 2022<\/h2>\t\t\t\t<\/div>\n\t\t\t\t<\/div>\n\t\t\t\t\t<\/div>\n\t\t<\/div>\n\t\t\t\t\t<\/div>\n\t\t<\/section>\n\t\t\t\t<section class=\"elementor-section elementor-inner-section elementor-element elementor-element-8f2b7b4 elementor-section-full_width elementor-section-height-default elementor-section-height-default\" data-id=\"8f2b7b4\" data-element_type=\"section\" data-e-type=\"section\">\n\t\t\t\t\t\t<div class=\"elementor-container elementor-column-gap-default\">\n\t\t\t\t\t<div class=\"elementor-column elementor-col-50 elementor-inner-column elementor-element elementor-element-52a3d19\" data-id=\"52a3d19\" data-element_type=\"column\" data-e-type=\"column\">\n\t\t\t<div class=\"elementor-widget-wrap elementor-element-populated\">\n\t\t\t\t\t\t<div class=\"elementor-element elementor-element-e240f27 elementor-widget elementor-widget-image\" data-id=\"e240f27\" data-element_type=\"widget\" data-e-type=\"widget\" data-widget_type=\"image.default\">\n\t\t\t\t<div class=\"elementor-widget-container\">\n\t\t\t\t\t\t\t\t\t\t\t\t\t\t\t\t<a href=\"https:\/\/fedebiocombustibles.com\/en\/2022\/01\/03\/sector-de-biocombustibles-aporta-para-reducir-el-calentamiento-global\/\">\n\t\t\t\t\t\t\t<img loading=\"lazy\" decoding=\"async\" width=\"730\" height=\"450\" src=\"https:\/\/fedebiocombustibles.com\/wp-content\/uploads\/2022\/01\/Medio-Ambiente-2.jpg\" class=\"elementor-animation-pop attachment-large size-large wp-image-801\" alt=\"\" srcset=\"https:\/\/fedebiocombustibles.com\/wp-content\/uploads\/2022\/01\/Medio-Ambiente-2.jpg 730w, https:\/\/fedebiocombustibles.com\/wp-content\/uploads\/2022\/01\/Medio-Ambiente-2-300x185.jpg 300w\" sizes=\"(max-width: 730px) 100vw, 730px\" \/>\t\t\t\t\t\t\t\t<\/a>\n\t\t\t\t\t\t\t\t\t\t\t\t\t\t\t<\/div>\n\t\t\t\t<\/div>\n\t\t\t\t\t<\/div>\n\t\t<\/div>\n\t\t\t\t<div class=\"elementor-column elementor-col-50 elementor-inner-column elementor-element elementor-element-8edf227\" data-id=\"8edf227\" data-element_type=\"column\" data-e-type=\"column\">\n\t\t\t<div class=\"elementor-widget-wrap elementor-element-populated\">\n\t\t\t\t\t\t<div class=\"elementor-element elementor-element-5b1ab66 elementor-widget elementor-widget-heading\" data-id=\"5b1ab66\" data-element_type=\"widget\" data-e-type=\"widget\" data-widget_type=\"heading.default\">\n\t\t\t\t<div class=\"elementor-widget-container\">\n\t\t\t\t\t<h2 class=\"elementor-heading-title elementor-size-default\">Sector de biocombustibles aporta para reducir el calentamiento global\n<\/h2>\t\t\t\t<\/div>\n\t\t\t\t<\/div>\n\t\t\t\t<div class=\"elementor-element elementor-element-c504182 elementor-widget elementor-widget-heading\" data-id=\"c504182\" data-element_type=\"widget\" data-e-type=\"widget\" data-widget_type=\"heading.default\">\n\t\t\t\t<div class=\"elementor-widget-container\">\n\t\t\t\t\t<h2 class=\"elementor-heading-title elementor-size-default\">Enero 3 2022<\/h2>\t\t\t\t<\/div>\n\t\t\t\t<\/div>\n\t\t\t\t\t<\/div>\n\t\t<\/div>\n\t\t\t\t\t<\/div>\n\t\t<\/section>\n\t\t\t\t\t<\/div>\n\t\t<\/div>\n\t\t\t\t<div class=\"elementor-column elementor-col-20 elementor-top-column elementor-element elementor-element-d077889\" data-id=\"d077889\" data-element_type=\"column\" data-e-type=\"column\">\n\t\t\t<div class=\"elementor-widget-wrap\">\n\t\t\t\t\t\t\t<\/div>\n\t\t<\/div>\n\t\t\t\t\t<\/div>\n\t\t<\/section>\n\t\t\t\t<\/div>","protected":false},"excerpt":{"rendered":"<p>Generar 49 mil nuevos empleos en 12 a\u00f1os el reto del sector de los biocombustibles De acuerdo con la consultora Econometr\u00eda, los biocombustibles podr\u00edan llegar a crear 49 mil empleos para la reactivaci\u00f3n econ\u00f3mica, en los pr\u00f3ximos 12 a\u00f1os. Esta industria actualmente aporta un 3,4 % del PIB agr\u00edcola en el pa\u00eds y genera 90<\/p>","protected":false},"author":1,"featured_media":715,"comment_status":"closed","ping_status":"open","sticky":false,"template":"elementor_canvas","format":"standard","meta":{"_monsterinsights_skip_tracking":false,"_monsterinsights_sitenote_active":false,"_monsterinsights_sitenote_note":"","_monsterinsights_sitenote_category":0,"footnotes":""},"categories":[2],"tags":[],"class_list":{"0":"post-712","1":"post","2":"type-post","3":"status-publish","4":"format-standard","5":"has-post-thumbnail","7":"category-economia"},"yoast_head":"<!-- This site is optimized with the Yoast SEO plugin v27.4 - https:\/\/yoast.com\/product\/yoast-seo-wordpress\/ -->\n<title>Generar 49 mil nuevos empleos en 12 a\u00f1os el reto del sector de los biocombustibles - Federaci\u00f3n Nacional de Biocombustibles<\/title>\n<meta name=\"robots\" content=\"index, follow, max-snippet:-1, max-image-preview:large, max-video-preview:-1\" \/>\n<link rel=\"canonical\" href=\"https:\/\/fedebiocombustibles.com\/en\/generar-49-mil-nuevos-empleos-en-12-anos-el-reto-del-sector-de-los-biocombustibles\/\" \/>\n<meta property=\"og:locale\" content=\"en_US\" \/>\n<meta property=\"og:type\" content=\"article\" \/>\n<meta property=\"og:title\" content=\"Generar 49 mil nuevos empleos en 12 a\u00f1os el reto del sector de los biocombustibles - Federaci\u00f3n Nacional de Biocombustibles\" \/>\n<meta property=\"og:description\" content=\"Generar 49 mil nuevos empleos en 12 a\u00f1os el reto del sector de los biocombustibles De acuerdo con la consultora Econometr\u00eda, los biocombustibles podr\u00edan llegar a crear 49 mil empleos para la reactivaci\u00f3n econ\u00f3mica, en los pr\u00f3ximos 12 a\u00f1os. Esta industria actualmente aporta un 3,4 % del PIB agr\u00edcola en el pa\u00eds y genera 90\" \/>\n<meta property=\"og:url\" content=\"https:\/\/fedebiocombustibles.com\/en\/generar-49-mil-nuevos-empleos-en-12-anos-el-reto-del-sector-de-los-biocombustibles\/\" \/>\n<meta property=\"og:site_name\" content=\"Federaci\u00f3n Nacional de Biocombustibles\" \/>\n<meta property=\"article:published_time\" content=\"2022-01-03T14:58:22+00:00\" \/>\n<meta property=\"article:modified_time\" content=\"2024-09-18T15:41:52+00:00\" \/>\n<meta property=\"og:image\" content=\"https:\/\/fedebiocombustibles.com\/wp-content\/uploads\/2022\/01\/EL_FRENTE_02021012013017017019_COMBUSTIBLES.jpg\" \/>\n\t<meta property=\"og:image:width\" content=\"720\" \/>\n\t<meta property=\"og:image:height\" content=\"478\" \/>\n\t<meta property=\"og:image:type\" content=\"image\/jpeg\" \/>\n<meta name=\"author\" content=\"MD-Fedebio\" \/>\n<meta name=\"twitter:card\" content=\"summary_large_image\" \/>\n<meta name=\"twitter:label1\" content=\"Written by\" \/>\n\t<meta name=\"twitter:data1\" content=\"MD-Fedebio\" \/>\n\t<meta name=\"twitter:label2\" content=\"Est. reading time\" \/>\n\t<meta name=\"twitter:data2\" content=\"3 minutes\" \/>\n<script type=\"application\/ld+json\" class=\"yoast-schema-graph\">{\"@context\":\"https:\\\/\\\/schema.org\",\"@graph\":[{\"@type\":\"Article\",\"@id\":\"https:\\\/\\\/fedebiocombustibles.com\\\/generar-49-mil-nuevos-empleos-en-12-anos-el-reto-del-sector-de-los-biocombustibles\\\/#article\",\"isPartOf\":{\"@id\":\"https:\\\/\\\/fedebiocombustibles.com\\\/generar-49-mil-nuevos-empleos-en-12-anos-el-reto-del-sector-de-los-biocombustibles\\\/\"},\"author\":{\"name\":\"MD-Fedebio\",\"@id\":\"https:\\\/\\\/fedebiocombustibles.com\\\/#\\\/schema\\\/person\\\/77df2713a53f1ecd515b1a69f25fcf1d\"},\"headline\":\"Generar 49 mil nuevos empleos en 12 a\u00f1os el reto del sector de los biocombustibles\",\"datePublished\":\"2022-01-03T14:58:22+00:00\",\"dateModified\":\"2024-09-18T15:41:52+00:00\",\"mainEntityOfPage\":{\"@id\":\"https:\\\/\\\/fedebiocombustibles.com\\\/generar-49-mil-nuevos-empleos-en-12-anos-el-reto-del-sector-de-los-biocombustibles\\\/\"},\"wordCount\":592,\"image\":{\"@id\":\"https:\\\/\\\/fedebiocombustibles.com\\\/generar-49-mil-nuevos-empleos-en-12-anos-el-reto-del-sector-de-los-biocombustibles\\\/#primaryimage\"},\"thumbnailUrl\":\"https:\\\/\\\/fedebiocombustibles.com\\\/wp-content\\\/uploads\\\/2022\\\/01\\\/EL_FRENTE_02021012013017017019_COMBUSTIBLES.jpg\",\"articleSection\":[\"Econom\u00eda\"],\"inLanguage\":\"en-US\"},{\"@type\":\"WebPage\",\"@id\":\"https:\\\/\\\/fedebiocombustibles.com\\\/generar-49-mil-nuevos-empleos-en-12-anos-el-reto-del-sector-de-los-biocombustibles\\\/\",\"url\":\"https:\\\/\\\/fedebiocombustibles.com\\\/generar-49-mil-nuevos-empleos-en-12-anos-el-reto-del-sector-de-los-biocombustibles\\\/\",\"name\":\"Generar 49 mil nuevos empleos en 12 a\u00f1os el reto del sector de los biocombustibles - Federaci\u00f3n Nacional de Biocombustibles\",\"isPartOf\":{\"@id\":\"https:\\\/\\\/fedebiocombustibles.com\\\/#website\"},\"primaryImageOfPage\":{\"@id\":\"https:\\\/\\\/fedebiocombustibles.com\\\/generar-49-mil-nuevos-empleos-en-12-anos-el-reto-del-sector-de-los-biocombustibles\\\/#primaryimage\"},\"image\":{\"@id\":\"https:\\\/\\\/fedebiocombustibles.com\\\/generar-49-mil-nuevos-empleos-en-12-anos-el-reto-del-sector-de-los-biocombustibles\\\/#primaryimage\"},\"thumbnailUrl\":\"https:\\\/\\\/fedebiocombustibles.com\\\/wp-content\\\/uploads\\\/2022\\\/01\\\/EL_FRENTE_02021012013017017019_COMBUSTIBLES.jpg\",\"datePublished\":\"2022-01-03T14:58:22+00:00\",\"dateModified\":\"2024-09-18T15:41:52+00:00\",\"author\":{\"@id\":\"https:\\\/\\\/fedebiocombustibles.com\\\/#\\\/schema\\\/person\\\/77df2713a53f1ecd515b1a69f25fcf1d\"},\"breadcrumb\":{\"@id\":\"https:\\\/\\\/fedebiocombustibles.com\\\/generar-49-mil-nuevos-empleos-en-12-anos-el-reto-del-sector-de-los-biocombustibles\\\/#breadcrumb\"},\"inLanguage\":\"en-US\",\"potentialAction\":[{\"@type\":\"ReadAction\",\"target\":[\"https:\\\/\\\/fedebiocombustibles.com\\\/generar-49-mil-nuevos-empleos-en-12-anos-el-reto-del-sector-de-los-biocombustibles\\\/\"]}]},{\"@type\":\"ImageObject\",\"inLanguage\":\"en-US\",\"@id\":\"https:\\\/\\\/fedebiocombustibles.com\\\/generar-49-mil-nuevos-empleos-en-12-anos-el-reto-del-sector-de-los-biocombustibles\\\/#primaryimage\",\"url\":\"https:\\\/\\\/fedebiocombustibles.com\\\/wp-content\\\/uploads\\\/2022\\\/01\\\/EL_FRENTE_02021012013017017019_COMBUSTIBLES.jpg\",\"contentUrl\":\"https:\\\/\\\/fedebiocombustibles.com\\\/wp-content\\\/uploads\\\/2022\\\/01\\\/EL_FRENTE_02021012013017017019_COMBUSTIBLES.jpg\",\"width\":720,\"height\":478},{\"@type\":\"BreadcrumbList\",\"@id\":\"https:\\\/\\\/fedebiocombustibles.com\\\/generar-49-mil-nuevos-empleos-en-12-anos-el-reto-del-sector-de-los-biocombustibles\\\/#breadcrumb\",\"itemListElement\":[{\"@type\":\"ListItem\",\"position\":1,\"name\":\"Portada\",\"item\":\"https:\\\/\\\/fedebiocombustibles.com\\\/\"},{\"@type\":\"ListItem\",\"position\":2,\"name\":\"Generar 49 mil nuevos empleos en 12 a\u00f1os el reto del sector de los biocombustibles\"}]},{\"@type\":\"WebSite\",\"@id\":\"https:\\\/\\\/fedebiocombustibles.com\\\/#website\",\"url\":\"https:\\\/\\\/fedebiocombustibles.com\\\/\",\"name\":\"Federaci\u00f3n Nacional de Biocombustibles\",\"description\":\"Colombia\",\"potentialAction\":[{\"@type\":\"SearchAction\",\"target\":{\"@type\":\"EntryPoint\",\"urlTemplate\":\"https:\\\/\\\/fedebiocombustibles.com\\\/?s={search_term_string}\"},\"query-input\":{\"@type\":\"PropertyValueSpecification\",\"valueRequired\":true,\"valueName\":\"search_term_string\"}}],\"inLanguage\":\"en-US\"},{\"@type\":\"Person\",\"@id\":\"https:\\\/\\\/fedebiocombustibles.com\\\/#\\\/schema\\\/person\\\/77df2713a53f1ecd515b1a69f25fcf1d\",\"name\":\"MD-Fedebio\",\"image\":{\"@type\":\"ImageObject\",\"inLanguage\":\"en-US\",\"@id\":\"https:\\\/\\\/fedebiocombustibles.com\\\/wp-content\\\/litespeed\\\/avatar\\\/18a51d442641b2db9eceb84b538662f6.jpg?ver=1776819910\",\"url\":\"https:\\\/\\\/fedebiocombustibles.com\\\/wp-content\\\/litespeed\\\/avatar\\\/18a51d442641b2db9eceb84b538662f6.jpg?ver=1776819910\",\"contentUrl\":\"https:\\\/\\\/fedebiocombustibles.com\\\/wp-content\\\/litespeed\\\/avatar\\\/18a51d442641b2db9eceb84b538662f6.jpg?ver=1776819910\",\"caption\":\"MD-Fedebio\"},\"sameAs\":[\"https:\\\/\\\/fedebiocombustibles.com\"],\"url\":\"https:\\\/\\\/fedebiocombustibles.com\\\/en\\\/author\\\/md-fedebio\\\/\"}]}<\/script>\n<!-- \/ Yoast SEO plugin. -->","yoast_head_json":{"title":"Generar 49 mil nuevos empleos en 12 a\u00f1os el reto del sector de los biocombustibles - Federaci\u00f3n Nacional de Biocombustibles","robots":{"index":"index","follow":"follow","max-snippet":"max-snippet:-1","max-image-preview":"max-image-preview:large","max-video-preview":"max-video-preview:-1"},"canonical":"https:\/\/fedebiocombustibles.com\/en\/generar-49-mil-nuevos-empleos-en-12-anos-el-reto-del-sector-de-los-biocombustibles\/","og_locale":"en_US","og_type":"article","og_title":"Generar 49 mil nuevos empleos en 12 a\u00f1os el reto del sector de los biocombustibles - Federaci\u00f3n Nacional de Biocombustibles","og_description":"Generar 49 mil nuevos empleos en 12 a\u00f1os el reto del sector de los biocombustibles De acuerdo con la consultora Econometr\u00eda, los biocombustibles podr\u00edan llegar a crear 49 mil empleos para la reactivaci\u00f3n econ\u00f3mica, en los pr\u00f3ximos 12 a\u00f1os. Esta industria actualmente aporta un 3,4 % del PIB agr\u00edcola en el pa\u00eds y genera 90","og_url":"https:\/\/fedebiocombustibles.com\/en\/generar-49-mil-nuevos-empleos-en-12-anos-el-reto-del-sector-de-los-biocombustibles\/","og_site_name":"Federaci\u00f3n Nacional de Biocombustibles","article_published_time":"2022-01-03T14:58:22+00:00","article_modified_time":"2024-09-18T15:41:52+00:00","og_image":[{"width":720,"height":478,"url":"https:\/\/fedebiocombustibles.com\/wp-content\/uploads\/2022\/01\/EL_FRENTE_02021012013017017019_COMBUSTIBLES.jpg","type":"image\/jpeg"}],"author":"MD-Fedebio","twitter_card":"summary_large_image","twitter_misc":{"Written by":"MD-Fedebio","Est. reading time":"3 minutes"},"schema":{"@context":"https:\/\/schema.org","@graph":[{"@type":"Article","@id":"https:\/\/fedebiocombustibles.com\/generar-49-mil-nuevos-empleos-en-12-anos-el-reto-del-sector-de-los-biocombustibles\/#article","isPartOf":{"@id":"https:\/\/fedebiocombustibles.com\/generar-49-mil-nuevos-empleos-en-12-anos-el-reto-del-sector-de-los-biocombustibles\/"},"author":{"name":"MD-Fedebio","@id":"https:\/\/fedebiocombustibles.com\/#\/schema\/person\/77df2713a53f1ecd515b1a69f25fcf1d"},"headline":"Generar 49 mil nuevos empleos en 12 a\u00f1os el reto del sector de los biocombustibles","datePublished":"2022-01-03T14:58:22+00:00","dateModified":"2024-09-18T15:41:52+00:00","mainEntityOfPage":{"@id":"https:\/\/fedebiocombustibles.com\/generar-49-mil-nuevos-empleos-en-12-anos-el-reto-del-sector-de-los-biocombustibles\/"},"wordCount":592,"image":{"@id":"https:\/\/fedebiocombustibles.com\/generar-49-mil-nuevos-empleos-en-12-anos-el-reto-del-sector-de-los-biocombustibles\/#primaryimage"},"thumbnailUrl":"https:\/\/fedebiocombustibles.com\/wp-content\/uploads\/2022\/01\/EL_FRENTE_02021012013017017019_COMBUSTIBLES.jpg","articleSection":["Econom\u00eda"],"inLanguage":"en-US"},{"@type":"WebPage","@id":"https:\/\/fedebiocombustibles.com\/generar-49-mil-nuevos-empleos-en-12-anos-el-reto-del-sector-de-los-biocombustibles\/","url":"https:\/\/fedebiocombustibles.com\/generar-49-mil-nuevos-empleos-en-12-anos-el-reto-del-sector-de-los-biocombustibles\/","name":"Generar 49 mil nuevos empleos en 12 a\u00f1os el reto del sector de los biocombustibles - Federaci\u00f3n Nacional de Biocombustibles","isPartOf":{"@id":"https:\/\/fedebiocombustibles.com\/#website"},"primaryImageOfPage":{"@id":"https:\/\/fedebiocombustibles.com\/generar-49-mil-nuevos-empleos-en-12-anos-el-reto-del-sector-de-los-biocombustibles\/#primaryimage"},"image":{"@id":"https:\/\/fedebiocombustibles.com\/generar-49-mil-nuevos-empleos-en-12-anos-el-reto-del-sector-de-los-biocombustibles\/#primaryimage"},"thumbnailUrl":"https:\/\/fedebiocombustibles.com\/wp-content\/uploads\/2022\/01\/EL_FRENTE_02021012013017017019_COMBUSTIBLES.jpg","datePublished":"2022-01-03T14:58:22+00:00","dateModified":"2024-09-18T15:41:52+00:00","author":{"@id":"https:\/\/fedebiocombustibles.com\/#\/schema\/person\/77df2713a53f1ecd515b1a69f25fcf1d"},"breadcrumb":{"@id":"https:\/\/fedebiocombustibles.com\/generar-49-mil-nuevos-empleos-en-12-anos-el-reto-del-sector-de-los-biocombustibles\/#breadcrumb"},"inLanguage":"en-US","potentialAction":[{"@type":"ReadAction","target":["https:\/\/fedebiocombustibles.com\/generar-49-mil-nuevos-empleos-en-12-anos-el-reto-del-sector-de-los-biocombustibles\/"]}]},{"@type":"ImageObject","inLanguage":"en-US","@id":"https:\/\/fedebiocombustibles.com\/generar-49-mil-nuevos-empleos-en-12-anos-el-reto-del-sector-de-los-biocombustibles\/#primaryimage","url":"https:\/\/fedebiocombustibles.com\/wp-content\/uploads\/2022\/01\/EL_FRENTE_02021012013017017019_COMBUSTIBLES.jpg","contentUrl":"https:\/\/fedebiocombustibles.com\/wp-content\/uploads\/2022\/01\/EL_FRENTE_02021012013017017019_COMBUSTIBLES.jpg","width":720,"height":478},{"@type":"BreadcrumbList","@id":"https:\/\/fedebiocombustibles.com\/generar-49-mil-nuevos-empleos-en-12-anos-el-reto-del-sector-de-los-biocombustibles\/#breadcrumb","itemListElement":[{"@type":"ListItem","position":1,"name":"Portada","item":"https:\/\/fedebiocombustibles.com\/"},{"@type":"ListItem","position":2,"name":"Generar 49 mil nuevos empleos en 12 a\u00f1os el reto del sector de los biocombustibles"}]},{"@type":"WebSite","@id":"https:\/\/fedebiocombustibles.com\/#website","url":"https:\/\/fedebiocombustibles.com\/","name":"Federaci\u00f3n Nacional de Biocombustibles","description":"Colombia","potentialAction":[{"@type":"SearchAction","target":{"@type":"EntryPoint","urlTemplate":"https:\/\/fedebiocombustibles.com\/?s={search_term_string}"},"query-input":{"@type":"PropertyValueSpecification","valueRequired":true,"valueName":"search_term_string"}}],"inLanguage":"en-US"},{"@type":"Person","@id":"https:\/\/fedebiocombustibles.com\/#\/schema\/person\/77df2713a53f1ecd515b1a69f25fcf1d","name":"MD-Fedebio","image":{"@type":"ImageObject","inLanguage":"en-US","@id":"https:\/\/fedebiocombustibles.com\/wp-content\/litespeed\/avatar\/18a51d442641b2db9eceb84b538662f6.jpg?ver=1776819910","url":"https:\/\/fedebiocombustibles.com\/wp-content\/litespeed\/avatar\/18a51d442641b2db9eceb84b538662f6.jpg?ver=1776819910","contentUrl":"https:\/\/fedebiocombustibles.com\/wp-content\/litespeed\/avatar\/18a51d442641b2db9eceb84b538662f6.jpg?ver=1776819910","caption":"MD-Fedebio"},"sameAs":["https:\/\/fedebiocombustibles.com"],"url":"https:\/\/fedebiocombustibles.com\/en\/author\/md-fedebio\/"}]}},"_links":{"self":[{"href":"https:\/\/fedebiocombustibles.com\/en\/wp-json\/wp\/v2\/posts\/712","targetHints":{"allow":["GET"]}}],"collection":[{"href":"https:\/\/fedebiocombustibles.com\/en\/wp-json\/wp\/v2\/posts"}],"about":[{"href":"https:\/\/fedebiocombustibles.com\/en\/wp-json\/wp\/v2\/types\/post"}],"author":[{"embeddable":true,"href":"https:\/\/fedebiocombustibles.com\/en\/wp-json\/wp\/v2\/users\/1"}],"replies":[{"embeddable":true,"href":"https:\/\/fedebiocombustibles.com\/en\/wp-json\/wp\/v2\/comments?post=712"}],"version-history":[{"count":32,"href":"https:\/\/fedebiocombustibles.com\/en\/wp-json\/wp\/v2\/posts\/712\/revisions"}],"predecessor-version":[{"id":1725,"href":"https:\/\/fedebiocombustibles.com\/en\/wp-json\/wp\/v2\/posts\/712\/revisions\/1725"}],"wp:featuredmedia":[{"embeddable":true,"href":"https:\/\/fedebiocombustibles.com\/en\/wp-json\/wp\/v2\/media\/715"}],"wp:attachment":[{"href":"https:\/\/fedebiocombustibles.com\/en\/wp-json\/wp\/v2\/media?parent=712"}],"wp:term":[{"taxonomy":"category","embeddable":true,"href":"https:\/\/fedebiocombustibles.com\/en\/wp-json\/wp\/v2\/categories?post=712"},{"taxonomy":"post_tag","embeddable":true,"href":"https:\/\/fedebiocombustibles.com\/en\/wp-json\/wp\/v2\/tags?post=712"}],"curies":[{"name":"wp","href":"https:\/\/api.w.org\/{rel}","templated":true}]}}