{"id":6653,"date":"2023-10-27T16:06:43","date_gmt":"2023-10-27T16:06:43","guid":{"rendered":"https:\/\/fedebiocombustibles.com\/?p=6653"},"modified":"2024-09-18T10:40:42","modified_gmt":"2024-09-18T15:40:42","slug":"motores-euro-vi-y-biodiesel-la-formula-hacia-un-transporte-mas-sostenible","status":"publish","type":"post","link":"https:\/\/fedebiocombustibles.com\/en\/motores-euro-vi-y-biodiesel-la-formula-hacia-un-transporte-mas-sostenible\/","title":{"rendered":"Motores Euro VI y Biodi\u00e9sel, la f\u00f3rmula hacia un transporte m\u00e1s sostenible"},"content":{"rendered":"<div data-elementor-type=\"wp-post\" data-elementor-id=\"6653\" class=\"elementor elementor-6653\" data-elementor-post-type=\"post\">\n\t\t\t\t\t\t<section class=\"elementor-section elementor-top-section elementor-element elementor-element-1c65cb8 elementor-section-full_width elementor-section-height-default elementor-section-height-default\" data-id=\"1c65cb8\" data-element_type=\"section\" data-e-type=\"section\">\n\t\t\t\t\t\t<div class=\"elementor-container elementor-column-gap-default\">\n\t\t\t\t\t<div class=\"elementor-column elementor-col-20 elementor-top-column elementor-element elementor-element-704ccec\" data-id=\"704ccec\" data-element_type=\"column\" data-e-type=\"column\">\n\t\t\t<div class=\"elementor-widget-wrap\">\n\t\t\t\t\t\t\t<\/div>\n\t\t<\/div>\n\t\t\t\t<div class=\"elementor-column elementor-col-20 elementor-top-column elementor-element elementor-element-a22cf19\" data-id=\"a22cf19\" data-element_type=\"column\" data-e-type=\"column\">\n\t\t\t<div class=\"elementor-widget-wrap elementor-element-populated\">\n\t\t\t\t\t\t<div class=\"elementor-element elementor-element-54a6250 elementor-widget elementor-widget-heading\" data-id=\"54a6250\" data-element_type=\"widget\" data-e-type=\"widget\" data-widget_type=\"heading.default\">\n\t\t\t\t<div class=\"elementor-widget-container\">\n\t\t\t\t\t<h1 class=\"elementor-heading-title elementor-size-default\">Motores Euro VI y Biodi\u00e9sel, la f\u00f3rmula hacia un transporte m\u00e1s sostenible<\/h1>\t\t\t\t<\/div>\n\t\t\t\t<\/div>\n\t\t\t\t<div class=\"elementor-element elementor-element-2d3f2d4 elementor-widget elementor-widget-image\" data-id=\"2d3f2d4\" data-element_type=\"widget\" data-e-type=\"widget\" data-widget_type=\"image.default\">\n\t\t\t\t<div class=\"elementor-widget-container\">\n\t\t\t\t\t\t\t\t\t\t\t\t\t\t\t<img fetchpriority=\"high\" decoding=\"async\" width=\"554\" height=\"466\" src=\"https:\/\/fedebiocombustibles.com\/wp-content\/uploads\/2023\/10\/Comunicado-octubre-554x466.jpg\" class=\"attachment-contentberg-slider-grid-b size-contentberg-slider-grid-b wp-image-6654\" alt=\"\" \/>\t\t\t\t\t\t\t\t\t\t\t\t\t\t\t<\/div>\n\t\t\t\t<\/div>\n\t\t\t\t<div class=\"elementor-element elementor-element-e2105cf elementor-widget elementor-widget-text-editor\" data-id=\"e2105cf\" data-element_type=\"widget\" data-e-type=\"widget\" data-widget_type=\"text-editor.default\">\n\t\t\t\t<div class=\"elementor-widget-container\">\n\t\t\t\t\t\t\t\t\t<p><strong>Bogot\u00e1 D.C, octubre del 2023.<\/strong> En un esfuerzo continuo por reducir las emisiones contaminantes y avanzar hacia un transporte m\u00e1s sostenible, el uso de motores Euro VI en combinaci\u00f3n con Biodi\u00e9sel, emergen como una soluci\u00f3n viable y efectiva en Colombia.<\/p><p><span style=\"font-size: 15.4px; background-color: var(--bs-body-bg);\">En la actualidad todo el di\u00e9sel que se distribuye en el pa\u00eds tiene una mezcla de 10% de biodi\u00e9sel denominada B10. Esta mezcla permite reducir en cerca de 2 millones de toneladas anuales las emisiones de GEI y 500 toneladas de material particulado a la atm\u00f3sfera, as\u00ed como la dependencia de los combustibles f\u00f3siles, incrementando la seguridad y soberan\u00eda energ\u00e9tica. De igual manera, el biodi\u00e9sel reduce el contenido de azufre en el di\u00e9sel al tiempo que se incrementa el n\u00famero de cetano y la lubricidad, mejorando la calidad de este combustible, de igual manera este biocombustible es producido en una agroindustria que es intensiva en conocimiento, sustituye importaciones de di\u00e9sel f\u00f3sil y promueve la reindustrializaci\u00f3n del pa\u00eds.<\/span><\/p><p><span style=\"font-size: 15.4px; background-color: var(--bs-body-bg);\">Los motores Euro VI, que cumplen con estrictos l\u00edmites de emisiones contaminantes, son fundamentales para proteger la salud y el medio ambiente, y, gracias a la Ley 1972 de 2019, todos los veh\u00edculos di\u00e9sel que ingresan a partir del 01 de enero del 2023 a Colombia deben cumplir con estos est\u00e1ndares, marcando un hito importante en la reducci\u00f3n de emisiones contaminantes de fuentes m\u00f3viles.<\/span><\/p><p><span style=\"font-size: 15.4px; background-color: var(--bs-body-bg);\">De acuerdo con Clean Fuels Alliance America (CFAA), la mayor\u00eda de los motores Euro VI son aptos para el uso de mezclas superiores, espec\u00edficamente B20, de biodi\u00e9sel, energ\u00eda l\u00edquida renovable que reduce como m\u00ednimo un 83% las emisiones de gases de efecto invernadero (GEI),<\/span><\/p><p><span style=\"font-size: 15.4px; background-color: var(--bs-body-bg);\">Las normas Euro VI se centran en la reducci\u00f3n de emisiones de sustancias perjudiciales, como material particulado y \u00f3xidos de nitr\u00f3geno. Para cumplir con estos est\u00e1ndares, los fabricantes de motores de combusti\u00f3n han desarrollado tecnolog\u00edas avanzadas, como sistemas de alta presi\u00f3n de inyecci\u00f3n, filtros de part\u00edculas y catalizadores de reducci\u00f3n catal\u00edtica, entre otros. Estos avances garantizan una disminuci\u00f3n significativa de las emisiones contaminantes y un mejor rendimiento del motor.<\/span><\/p><p><span style=\"font-size: 15.4px; background-color: var(--bs-body-bg);\">Seg\u00fan el informe Bolet\u00edn Veh\u00edculos Nuevos de Transporte de Carga de la Asociaci\u00f3n Nacional de Empresarios de Colombia (ANDI) y la Federaci\u00f3n Nacional de Comerciantes (Fenalco), las cinco marcas m\u00e1s comercializadas en el pa\u00eds\u00a0 \u00a0de veh\u00edculos de carga son\u00a0 Fot\u00f3n, Chevrolet, Kenworth, JAC y HINO, y de acuerdo con Clean Fuels Alliance America estas marcas (Chevrolet, Cummins, Hino) tienen soporte para mezclas B20, en el caso de Jac y Fot\u00f3n, de acuerdo con sus p\u00e1ginas web, usan motores Cummins.<\/span><\/p><p><span style=\"font-size: 15.4px; background-color: var(--bs-body-bg);\">6.624 veh\u00edculos de carga se han matriculado a julio del 2023, correspondiente al 1.7% del parque automotor de carga y de acuerdo con la publicaci\u00f3n de CFAA las 5 marcas de este segmento, soportan mezclas del 20% de Biodi\u00e9sel en di\u00e9sel, como una estrategia para combinar los beneficios ambientales de la reducci\u00f3n emisiones locales y la descarbonizaci\u00f3n del parque automotor de carga.<\/span><\/p><p><span style=\"font-size: 15.4px; background-color: var(--bs-body-bg);\">Por otro lado, estudios del National Renewable Energy Laboratory del Department of Energy de Estados Unidos, demuestran que la regeneraci\u00f3n de los sistemas de filtraci\u00f3n de part\u00edculas en tecnolog\u00edas Euro VI es m\u00e1s eficiente cuando se utilizan mezclas de Biodi\u00e9sel.<\/span><\/p><p><span style=\"font-size: 15.4px; background-color: var(--bs-body-bg);\">Adicionalmente, entendiendo que el 98.3% del parque automotor de carga tiene tecnolog\u00edas de control de emisiones inferiores a Euro VI, y para demostrar el desempe\u00f1o y los beneficios ambientales, la Federaci\u00f3n Nacional de Biocombustibles (Fedebiocombustibles),\u00a0 productores de Biodi\u00e9sel, mayoristas y minoristas de distribuci\u00f3n de combustibles y transportadores de carga, hacen parte del Club de Biotanqueo en Colombia, con m\u00e1s de 1,230 veh\u00edculos de carga que representan una amplia gama de tipolog\u00edas y tecnolog\u00edas de control de emisiones, que operan con mezclas voluntarias de Biodi\u00e9sel al 20%, reflejando un excelente desempe\u00f1o tanto mec\u00e1nico como ambiental.<\/span><\/p><p><span style=\"font-size: 15.4px; background-color: var(--bs-body-bg);\">La combinaci\u00f3n de motores Euro VI y Biodi\u00e9sel es una realidad que contribuye significativamente a la reducci\u00f3n de emisiones de material particulado y gases de efecto invernadero fomentando pr\u00e1cticas m\u00e1s sostenibles en el transporte colombiano. Esta sinergia entre tecnolog\u00eda avanzada y combustibles m\u00e1s limpios es un paso firme hacia la transici\u00f3n energ\u00e9tica justa.<\/span><\/p>\t\t\t\t\t\t\t\t<\/div>\n\t\t\t\t<\/div>\n\t\t\t\t<div class=\"elementor-element elementor-element-9d3c92a elementor-align-center elementor-widget elementor-widget-button\" data-id=\"9d3c92a\" data-element_type=\"widget\" data-e-type=\"widget\" data-widget_type=\"button.default\">\n\t\t\t\t<div class=\"elementor-widget-container\">\n\t\t\t\t\t\t\t\t\t<div class=\"elementor-button-wrapper\">\n\t\t\t\t\t<a class=\"elementor-button elementor-button-link elementor-size-sm elementor-animation-grow\" href=\"https:\/\/fedebiocombustibles.com\/wp-content\/uploads\/2023\/10\/25.10.2023_Fedebio-Comunicado-Euro-VI.pdf\" download=\"\">\n\t\t\t\t\t\t<span class=\"elementor-button-content-wrapper\">\n\t\t\t\t\t\t\t\t\t<span class=\"elementor-button-text\">Descargar comunicado<\/span>\n\t\t\t\t\t<\/span>\n\t\t\t\t\t<\/a>\n\t\t\t\t<\/div>\n\t\t\t\t\t\t\t\t<\/div>\n\t\t\t\t<\/div>\n\t\t\t\t\t<\/div>\n\t\t<\/div>\n\t\t\t\t<div class=\"elementor-column elementor-col-20 elementor-top-column elementor-element elementor-element-47cf487\" data-id=\"47cf487\" data-element_type=\"column\" data-e-type=\"column\">\n\t\t\t<div class=\"elementor-widget-wrap\">\n\t\t\t\t\t\t\t<\/div>\n\t\t<\/div>\n\t\t\t\t<div class=\"elementor-column elementor-col-20 elementor-top-column elementor-element elementor-element-c425803\" data-id=\"c425803\" data-element_type=\"column\" data-e-type=\"column\">\n\t\t\t<div class=\"elementor-widget-wrap elementor-element-populated\">\n\t\t\t\t\t\t<section class=\"elementor-section elementor-inner-section elementor-element elementor-element-4a77d59 elementor-section-full_width elementor-section-height-default elementor-section-height-default\" data-id=\"4a77d59\" data-element_type=\"section\" data-e-type=\"section\">\n\t\t\t\t\t\t<div class=\"elementor-container elementor-column-gap-default\">\n\t\t\t\t\t<div class=\"elementor-column elementor-col-100 elementor-inner-column elementor-element elementor-element-f7a266f\" data-id=\"f7a266f\" data-element_type=\"column\" data-e-type=\"column\" data-settings=\"{&quot;background_background&quot;:&quot;classic&quot;}\">\n\t\t\t<div class=\"elementor-widget-wrap elementor-element-populated\">\n\t\t\t\t\t\t<div class=\"elementor-element elementor-element-cf74e4e elementor-widget elementor-widget-heading\" data-id=\"cf74e4e\" data-element_type=\"widget\" data-e-type=\"widget\" data-widget_type=\"heading.default\">\n\t\t\t\t<div class=\"elementor-widget-container\">\n\t\t\t\t\t<h2 class=\"elementor-heading-title elementor-size-default\">Boletines informativos<\/h2>\t\t\t\t<\/div>\n\t\t\t\t<\/div>\n\t\t\t\t<div class=\"elementor-element elementor-element-0db42c6 elementor-widget-divider--view-line elementor-widget elementor-widget-divider\" data-id=\"0db42c6\" data-element_type=\"widget\" data-e-type=\"widget\" data-widget_type=\"divider.default\">\n\t\t\t\t<div class=\"elementor-widget-container\">\n\t\t\t\t\t\t\t<div class=\"elementor-divider\">\n\t\t\t<span class=\"elementor-divider-separator\">\n\t\t\t\t\t\t<\/span>\n\t\t<\/div>\n\t\t\t\t\t\t<\/div>\n\t\t\t\t<\/div>\n\t\t\t\t<div class=\"elementor-element elementor-element-5fa38f1 eael-contact-form-7-button-full-width elementor-widget elementor-widget-eael-contact-form-7\" data-id=\"5fa38f1\" data-element_type=\"widget\" data-e-type=\"widget\" data-widget_type=\"eael-contact-form-7.default\">\n\t\t\t\t<div class=\"elementor-widget-container\">\n\t\t\t\t\t<div class=\"eael-contact-form-7-wrapper\">\n                <div class=\"eael-contact-form eael-contact-form-7 eael-contact-form-5fa38f1 placeholder-show eael-contact-form-align-center\">\n<div class=\"wpcf7 no-js\" id=\"wpcf7-f1047-o1\" lang=\"es-ES\" dir=\"ltr\" data-wpcf7-id=\"1047\">\n<div class=\"screen-reader-response\"><p role=\"status\" aria-live=\"polite\" aria-atomic=\"true\"><\/p> <ul><\/ul><\/div>\n<form action=\"\/en\/wp-json\/wp\/v2\/posts\/6653#wpcf7-f1047-o1\" method=\"post\" class=\"wpcf7-form init\" aria-label=\"Formulario de contacto\" novalidate=\"novalidate\" data-status=\"init\" data-trp-original-action=\"\/en\/wp-json\/wp\/v2\/posts\/6653#wpcf7-f1047-o1\">\n<fieldset class=\"hidden-fields-container\"><input type=\"hidden\" name=\"_wpcf7\" value=\"1047\" \/><input type=\"hidden\" name=\"_wpcf7_version\" value=\"6.1.5\" \/><input type=\"hidden\" name=\"_wpcf7_locale\" value=\"es_ES\" \/><input type=\"hidden\" name=\"_wpcf7_unit_tag\" value=\"wpcf7-f1047-o1\" \/><input type=\"hidden\" name=\"_wpcf7_container_post\" value=\"0\" \/><input type=\"hidden\" name=\"_wpcf7_posted_data_hash\" value=\"\" \/><input type=\"hidden\" name=\"_wpcf7_recaptcha_response\" value=\"\" \/>\n<\/fieldset>\n<h5 style=\"color: #000000; text-align:center;\">Registra tus datos para recibir actualizaciones de nuestro bolet\u00edn\n<\/h5>\n<p><span class=\"wpcf7-form-control-wrap\" data-name=\"nombres\"><input size=\"40\" maxlength=\"400\" class=\"wpcf7-form-control wpcf7-text wpcf7-validates-as-required\" aria-required=\"true\" aria-invalid=\"false\" placeholder=\"Nombre\" value=\"\" type=\"text\" name=\"nombres\" \/><\/span><br \/>\n<span class=\"wpcf7-form-control-wrap\" data-name=\"email-621\"><input size=\"40\" maxlength=\"400\" class=\"wpcf7-form-control wpcf7-email wpcf7-validates-as-required wpcf7-text wpcf7-validates-as-email\" aria-required=\"true\" aria-invalid=\"false\" placeholder=\"Correo electr\u00f3nico\" value=\"\" type=\"email\" name=\"email-621\" \/><\/span>\n<\/p>\n<h6 style=\"color: #000000; text-align:center;\"> Al suscribirse autoriza el tratamiento de sus datos personales que puede consultar en el <a href=\"https:\/\/fedebiocombustibles.com\/wp-content\/uploads\/2022\/10\/DA-MNL-005-MANUAL-DE-POLITICA-DE-TRATAMIENTO-DE-DATOS-PERSONALES-V2.pdf\"> manual de politicas de tratamiento de datos personales <\/a>\n<\/h6>\n<p><input class=\"wpcf7-form-control wpcf7-submit has-spinner\" type=\"submit\" value=\"Suscr\u00edbete\" \/>\n<\/p><div class=\"wpcf7-response-output\" aria-hidden=\"true\"><\/div>\n<input type=\"hidden\" name=\"trp-form-language\" value=\"en\"\/><\/form>\n<\/div>\n<\/div>\n            <\/div>\t\t\t\t<\/div>\n\t\t\t\t<\/div>\n\t\t\t\t\t<\/div>\n\t\t<\/div>\n\t\t\t\t\t<\/div>\n\t\t<\/section>\n\t\t\t\t<div class=\"elementor-element elementor-element-7cf693f elementor-widget elementor-widget-heading\" data-id=\"7cf693f\" data-element_type=\"widget\" data-e-type=\"widget\" data-widget_type=\"heading.default\">\n\t\t\t\t<div class=\"elementor-widget-container\">\n\t\t\t\t\t<h2 class=\"elementor-heading-title elementor-size-default\">\u00daltimos Posts<\/h2>\t\t\t\t<\/div>\n\t\t\t\t<\/div>\n\t\t\t\t<div class=\"elementor-element elementor-element-0d9edc5 elementor-widget-divider--view-line elementor-widget elementor-widget-divider\" data-id=\"0d9edc5\" data-element_type=\"widget\" data-e-type=\"widget\" data-widget_type=\"divider.default\">\n\t\t\t\t<div class=\"elementor-widget-container\">\n\t\t\t\t\t\t\t<div class=\"elementor-divider\">\n\t\t\t<span class=\"elementor-divider-separator\">\n\t\t\t\t\t\t<\/span>\n\t\t<\/div>\n\t\t\t\t\t\t<\/div>\n\t\t\t\t<\/div>\n\t\t\t\t<div class=\"elementor-element elementor-element-bb74499 elementor-grid-eael-col-1 e-transform elementor-grid-tablet-eael-col-1 elementor-grid-mobile-eael-col-1 elementor-widget elementor-widget-eael-post-grid\" data-id=\"bb74499\" data-element_type=\"widget\" data-e-type=\"widget\" data-settings=\"{&quot;eael_post_grid_columns&quot;:&quot;eael-col-1&quot;,&quot;eael_post_grid_columns_tablet&quot;:&quot;eael-col-1&quot;,&quot;eael_post_grid_columns_mobile&quot;:&quot;eael-col-1&quot;,&quot;_transform_translateX_effect_hover&quot;:{&quot;unit&quot;:&quot;px&quot;,&quot;size&quot;:&quot;&quot;,&quot;sizes&quot;:[]},&quot;_transform_translateX_effect_hover_tablet&quot;:{&quot;unit&quot;:&quot;px&quot;,&quot;size&quot;:&quot;&quot;,&quot;sizes&quot;:[]},&quot;_transform_translateX_effect_hover_mobile&quot;:{&quot;unit&quot;:&quot;px&quot;,&quot;size&quot;:&quot;&quot;,&quot;sizes&quot;:[]},&quot;_transform_translateY_effect_hover&quot;:{&quot;unit&quot;:&quot;px&quot;,&quot;size&quot;:&quot;&quot;,&quot;sizes&quot;:[]},&quot;_transform_translateY_effect_hover_tablet&quot;:{&quot;unit&quot;:&quot;px&quot;,&quot;size&quot;:&quot;&quot;,&quot;sizes&quot;:[]},&quot;_transform_translateY_effect_hover_mobile&quot;:{&quot;unit&quot;:&quot;px&quot;,&quot;size&quot;:&quot;&quot;,&quot;sizes&quot;:[]}}\" data-widget_type=\"eael-post-grid.default\">\n\t\t\t\t<div class=\"elementor-widget-container\">\n\t\t\t\t\t<div id=\"eael-post-grid-bb74499\" class=\"eael-post-grid-container\">\n            <div class=\"eael-post-grid eael-post-appender eael-post-appender-bb74499 eael-post-grid-style-two\" data-layout-mode=\"grid\"><article class=\"eael-grid-post  eael-post-grid-column eael-pg-post-12194 category-comunicados\" data-id=\"12194\">\n    <div class=\"eael-grid-post-holder\">\n        <div class=\"eael-grid-post-holder-inner\"><div class=\"eael-entry-media\"><div class=\"eael-entry-overlay slide-up\"><i class=\"fas fa-angle-right\" aria-hidden=\"true\"><\/i><a href=\"https:\/\/fedebiocombustibles.com\/en\/cambio-en-la-presidencia-de-la-federacion-nacional-de-biocombustibles-de-colombia\/\"><\/a><\/div><div class=\"eael-entry-thumbnail\">\n                            <img decoding=\"async\" width=\"370\" height=\"208\" src=\"https:\/\/fedebiocombustibles.com\/wp-content\/uploads\/2025\/11\/Carlos-Mateus-2-scaled.png\" class=\"attachment-contentberg-grid size-contentberg-grid wp-image-12196\" alt=\"\" srcset=\"https:\/\/fedebiocombustibles.com\/wp-content\/uploads\/2025\/11\/Carlos-Mateus-2-scaled.png 2560w, https:\/\/fedebiocombustibles.com\/wp-content\/uploads\/2025\/11\/Carlos-Mateus-2-300x169.png 300w, https:\/\/fedebiocombustibles.com\/wp-content\/uploads\/2025\/11\/Carlos-Mateus-2-1024x576.png 1024w, https:\/\/fedebiocombustibles.com\/wp-content\/uploads\/2025\/11\/Carlos-Mateus-2-768x432.png 768w, https:\/\/fedebiocombustibles.com\/wp-content\/uploads\/2025\/11\/Carlos-Mateus-2-1536x864.png 1536w\" sizes=\"(max-width: 370px) 100vw, 370px\" \/>\n                            <\/div>\n                    <\/div><div class=\"eael-entry-wrapper\"><header class=\"eael-entry-header\"><h2 class=\"eael-entry-title\"><a class=\"eael-grid-post-link\" href=\"https:\/\/fedebiocombustibles.com\/en\/cambio-en-la-presidencia-de-la-federacion-nacional-de-biocombustibles-de-colombia\/\" title=\"Cambio en la Presidencia de la Federaci\u00f3n Nacional de Biocombustibles de Colombia\">Cambio en la Presidencia de la Federaci\u00f3n Nacional de Biocombustibles de Colombia<\/a><\/h2><\/header><div class=\"eael-entry-content\">\n                                <div class=\"eael-grid-post-excerpt\"><p>Durante la V Conferencia Internacional de Biocombustibles, se present\u00f3 el Corolla...<\/p><a href=\"https:\/\/fedebiocombustibles.com\/en\/cambio-en-la-presidencia-de-la-federacion-nacional-de-biocombustibles-de-colombia\/\" class=\"eael-post-elements-readmore-btn\">Leer m\u00e1s<\/a><\/div>\n                            <\/div><\/div><\/div>\n    <\/div>\n<\/article><article class=\"eael-grid-post  eael-post-grid-column eael-pg-post-12020 category-comunicados\" data-id=\"12020\">\n    <div class=\"eael-grid-post-holder\">\n        <div class=\"eael-grid-post-holder-inner\"><div class=\"eael-entry-media\"><div class=\"eael-entry-overlay slide-up\"><i class=\"fas fa-angle-right\" aria-hidden=\"true\"><\/i><a href=\"https:\/\/fedebiocombustibles.com\/en\/colombia-da-el-primer-paso-para-la-produccion-de-combustible-sostenible-de-aviacion-saf\/\"><\/a><\/div><div class=\"eael-entry-thumbnail\">\n                            <img decoding=\"async\" width=\"370\" height=\"245\" src=\"https:\/\/fedebiocombustibles.com\/wp-content\/uploads\/2025\/05\/Asi-es-el-auto-hibrido-con-bioetanol-de-cana-100-colombiano-presentado-en-Santa-Marta-370x245.jpg\" class=\"attachment-contentberg-grid size-contentberg-grid wp-image-11901\" alt=\"As\u00ed es el auto h\u00edbrido con bioetanol de ca\u00f1a 100% colombiano presentado en Santa Marta\" srcset=\"https:\/\/fedebiocombustibles.com\/wp-content\/uploads\/2025\/05\/Asi-es-el-auto-hibrido-con-bioetanol-de-cana-100-colombiano-presentado-en-Santa-Marta-370x245.jpg 370w, https:\/\/fedebiocombustibles.com\/wp-content\/uploads\/2025\/05\/Asi-es-el-auto-hibrido-con-bioetanol-de-cana-100-colombiano-presentado-en-Santa-Marta-300x200.jpg 300w, https:\/\/fedebiocombustibles.com\/wp-content\/uploads\/2025\/05\/Asi-es-el-auto-hibrido-con-bioetanol-de-cana-100-colombiano-presentado-en-Santa-Marta-1024x682.jpg 1024w, https:\/\/fedebiocombustibles.com\/wp-content\/uploads\/2025\/05\/Asi-es-el-auto-hibrido-con-bioetanol-de-cana-100-colombiano-presentado-en-Santa-Marta-1536x1023.jpg 1536w, https:\/\/fedebiocombustibles.com\/wp-content\/uploads\/2025\/05\/Asi-es-el-auto-hibrido-con-bioetanol-de-cana-100-colombiano-presentado-en-Santa-Marta-18x12.jpg 18w, https:\/\/fedebiocombustibles.com\/wp-content\/uploads\/2025\/05\/Asi-es-el-auto-hibrido-con-bioetanol-de-cana-100-colombiano-presentado-en-Santa-Marta-270x180.jpg 270w\" sizes=\"(max-width: 370px) 100vw, 370px\" \/>\n                            <\/div>\n                    <\/div><div class=\"eael-entry-wrapper\"><header class=\"eael-entry-header\"><h2 class=\"eael-entry-title\"><a class=\"eael-grid-post-link\" href=\"https:\/\/fedebiocombustibles.com\/en\/colombia-da-el-primer-paso-para-la-produccion-de-combustible-sostenible-de-aviacion-saf\/\" title=\"Colombia da el primer paso para la producci\u00f3n de combustible sostenible de aviaci\u00f3n (SAF)\">Colombia da el primer paso para la producci\u00f3n de combustible sostenible de aviaci\u00f3n (SAF)<\/a><\/h2><\/header><div class=\"eael-entry-content\">\n                                <div class=\"eael-grid-post-excerpt\"><p>Durante la V Conferencia Internacional de Biocombustibles, se present\u00f3 el Corolla...<\/p><a href=\"https:\/\/fedebiocombustibles.com\/en\/colombia-da-el-primer-paso-para-la-produccion-de-combustible-sostenible-de-aviacion-saf\/\" class=\"eael-post-elements-readmore-btn\">Leer m\u00e1s<\/a><\/div>\n                            <\/div><\/div><\/div>\n    <\/div>\n<\/article><\/div>\n            <div class=\"clearfix\"><\/div>\n        <\/div>            <div class=\"eael-load-more-button-wrap\">\n                <button class=\"eael-load-more-button\" id=\"eael-load-more-btn-bb74499\" data-widget-id=\"bb74499\" data-widget=\"bb74499\" data-page-id=\"6653\" data-template=\"{&quot;dir&quot;:&quot;lite&quot;,&quot;file_name&quot;:&quot;two.php&quot;,&quot;name&quot;:&quot;Post-Grid&quot;}\" data-class=\"Essential_Addons_Elementor\\Elements\\Post_Grid\" data-layout=\"grid\" data-page=\"1\" data-args=\"orderby=date&amp;order=desc&amp;ignore_sticky_posts=1&amp;post_status=publish&amp;posts_per_page=2&amp;offset=0&amp;post_type=post&amp;tax_query%5B0%5D%5Btaxonomy%5D=category&amp;tax_query%5B0%5D%5Bfield%5D=term_id&amp;tax_query%5B0%5D%5Bterms%5D%5B0%5D=3&amp;tax_query%5B0%5D%5Bterms%5D%5B1%5D=2&amp;tax_query%5B0%5D%5Bterms%5D%5B2%5D=9&amp;tax_query%5Brelation%5D=AND\" data-max-page=\"44\">\n                    <span class=\"eael-btn-loader button__loader\"><\/span>\n                    <span class=\"eael_load_more_text\">Cargar m\u00e1s<\/span>\n                <\/button>\n            <\/div>\n            \t\t\t\t<\/div>\n\t\t\t\t<\/div>\n\t\t\t\t\t<\/div>\n\t\t<\/div>\n\t\t\t\t<div class=\"elementor-column elementor-col-20 elementor-top-column elementor-element elementor-element-e3b04ca\" data-id=\"e3b04ca\" data-element_type=\"column\" data-e-type=\"column\">\n\t\t\t<div class=\"elementor-widget-wrap\">\n\t\t\t\t\t\t\t<\/div>\n\t\t<\/div>\n\t\t\t\t\t<\/div>\n\t\t<\/section>\n\t\t\t\t<\/div>","protected":false},"excerpt":{"rendered":"<p>Motores Euro VI y Biodi\u00e9sel, la f\u00f3rmula hacia un transporte m\u00e1s sostenible Bogot\u00e1 D.C, octubre del 2023. En un esfuerzo continuo por reducir las emisiones contaminantes y avanzar hacia un transporte m\u00e1s sostenible, el uso de motores Euro VI en combinaci\u00f3n con Biodi\u00e9sel, emergen como una soluci\u00f3n viable y efectiva en Colombia. En la actualidad<\/p>","protected":false},"author":1,"featured_media":6654,"comment_status":"closed","ping_status":"open","sticky":false,"template":"elementor_canvas","format":"standard","meta":{"_monsterinsights_skip_tracking":false,"_monsterinsights_sitenote_active":false,"_monsterinsights_sitenote_note":"","_monsterinsights_sitenote_category":0,"footnotes":""},"categories":[9],"tags":[],"class_list":{"0":"post-6653","1":"post","2":"type-post","3":"status-publish","4":"format-standard","5":"has-post-thumbnail","7":"category-comunicados"},"yoast_head":"<!-- This site is optimized with the Yoast SEO plugin v27.4 - https:\/\/yoast.com\/product\/yoast-seo-wordpress\/ -->\n<title>Motores Euro VI y Biodi\u00e9sel, la f\u00f3rmula hacia un transporte m\u00e1s sostenible<\/title>\n<meta name=\"description\" content=\"En un esfuerzo continuo por reducir las emisiones contaminantes y avanzar hacia un transporte m\u00e1s sostenible, el uso de motores Euro VI en combinaci\u00f3n con Biodi\u00e9sel, emergen como una soluci\u00f3n viable y efectiva en Colombia.\" \/>\n<meta name=\"robots\" content=\"index, follow, max-snippet:-1, max-image-preview:large, max-video-preview:-1\" \/>\n<link rel=\"canonical\" href=\"https:\/\/fedebiocombustibles.com\/en\/motores-euro-vi-y-biodiesel-la-formula-hacia-un-transporte-mas-sostenible\/\" \/>\n<meta property=\"og:locale\" content=\"en_US\" \/>\n<meta property=\"og:type\" content=\"article\" \/>\n<meta property=\"og:title\" content=\"Motores Euro VI y Biodi\u00e9sel, la f\u00f3rmula hacia un transporte m\u00e1s sostenible\" \/>\n<meta property=\"og:description\" content=\"En un esfuerzo continuo por reducir las emisiones contaminantes y avanzar hacia un transporte m\u00e1s sostenible, el uso de motores Euro VI en combinaci\u00f3n con Biodi\u00e9sel, emergen como una soluci\u00f3n viable y efectiva en Colombia.\" \/>\n<meta property=\"og:url\" content=\"https:\/\/fedebiocombustibles.com\/en\/motores-euro-vi-y-biodiesel-la-formula-hacia-un-transporte-mas-sostenible\/\" \/>\n<meta property=\"og:site_name\" content=\"Federaci\u00f3n Nacional de Biocombustibles\" \/>\n<meta property=\"article:published_time\" content=\"2023-10-27T16:06:43+00:00\" \/>\n<meta property=\"article:modified_time\" content=\"2024-09-18T15:40:42+00:00\" \/>\n<meta property=\"og:image\" content=\"https:\/\/fedebiocombustibles.com\/wp-content\/uploads\/2023\/10\/Comunicado-octubre-scaled-e1698422447471.jpg\" \/>\n\t<meta property=\"og:image:width\" content=\"2000\" \/>\n\t<meta property=\"og:image:height\" content=\"1500\" \/>\n\t<meta property=\"og:image:type\" content=\"image\/jpeg\" \/>\n<meta name=\"author\" content=\"MD-Fedebio\" \/>\n<meta name=\"twitter:card\" content=\"summary_large_image\" \/>\n<meta name=\"twitter:label1\" content=\"Written by\" \/>\n\t<meta name=\"twitter:data1\" content=\"MD-Fedebio\" \/>\n\t<meta name=\"twitter:label2\" content=\"Est. reading time\" \/>\n\t<meta name=\"twitter:data2\" content=\"4 minutes\" \/>\n<script type=\"application\/ld+json\" class=\"yoast-schema-graph\">{\"@context\":\"https:\\\/\\\/schema.org\",\"@graph\":[{\"@type\":\"Article\",\"@id\":\"https:\\\/\\\/fedebiocombustibles.com\\\/motores-euro-vi-y-biodiesel-la-formula-hacia-un-transporte-mas-sostenible\\\/#article\",\"isPartOf\":{\"@id\":\"https:\\\/\\\/fedebiocombustibles.com\\\/motores-euro-vi-y-biodiesel-la-formula-hacia-un-transporte-mas-sostenible\\\/\"},\"author\":{\"name\":\"MD-Fedebio\",\"@id\":\"https:\\\/\\\/fedebiocombustibles.com\\\/#\\\/schema\\\/person\\\/77df2713a53f1ecd515b1a69f25fcf1d\"},\"headline\":\"Motores Euro VI y Biodi\u00e9sel, la f\u00f3rmula hacia un transporte m\u00e1s sostenible\",\"datePublished\":\"2023-10-27T16:06:43+00:00\",\"dateModified\":\"2024-09-18T15:40:42+00:00\",\"mainEntityOfPage\":{\"@id\":\"https:\\\/\\\/fedebiocombustibles.com\\\/motores-euro-vi-y-biodiesel-la-formula-hacia-un-transporte-mas-sostenible\\\/\"},\"wordCount\":846,\"image\":{\"@id\":\"https:\\\/\\\/fedebiocombustibles.com\\\/motores-euro-vi-y-biodiesel-la-formula-hacia-un-transporte-mas-sostenible\\\/#primaryimage\"},\"thumbnailUrl\":\"https:\\\/\\\/fedebiocombustibles.com\\\/wp-content\\\/uploads\\\/2023\\\/10\\\/Comunicado-octubre-scaled-e1698422447471.jpg\",\"articleSection\":[\"Comunicados\"],\"inLanguage\":\"en-US\"},{\"@type\":\"WebPage\",\"@id\":\"https:\\\/\\\/fedebiocombustibles.com\\\/motores-euro-vi-y-biodiesel-la-formula-hacia-un-transporte-mas-sostenible\\\/\",\"url\":\"https:\\\/\\\/fedebiocombustibles.com\\\/motores-euro-vi-y-biodiesel-la-formula-hacia-un-transporte-mas-sostenible\\\/\",\"name\":\"Motores Euro VI y Biodi\u00e9sel, la f\u00f3rmula hacia un transporte m\u00e1s sostenible\",\"isPartOf\":{\"@id\":\"https:\\\/\\\/fedebiocombustibles.com\\\/#website\"},\"primaryImageOfPage\":{\"@id\":\"https:\\\/\\\/fedebiocombustibles.com\\\/motores-euro-vi-y-biodiesel-la-formula-hacia-un-transporte-mas-sostenible\\\/#primaryimage\"},\"image\":{\"@id\":\"https:\\\/\\\/fedebiocombustibles.com\\\/motores-euro-vi-y-biodiesel-la-formula-hacia-un-transporte-mas-sostenible\\\/#primaryimage\"},\"thumbnailUrl\":\"https:\\\/\\\/fedebiocombustibles.com\\\/wp-content\\\/uploads\\\/2023\\\/10\\\/Comunicado-octubre-scaled-e1698422447471.jpg\",\"datePublished\":\"2023-10-27T16:06:43+00:00\",\"dateModified\":\"2024-09-18T15:40:42+00:00\",\"author\":{\"@id\":\"https:\\\/\\\/fedebiocombustibles.com\\\/#\\\/schema\\\/person\\\/77df2713a53f1ecd515b1a69f25fcf1d\"},\"description\":\"En un esfuerzo continuo por reducir las emisiones contaminantes y avanzar hacia un transporte m\u00e1s sostenible, el uso de motores Euro VI en combinaci\u00f3n con Biodi\u00e9sel, emergen como una soluci\u00f3n viable y efectiva en Colombia.\",\"breadcrumb\":{\"@id\":\"https:\\\/\\\/fedebiocombustibles.com\\\/motores-euro-vi-y-biodiesel-la-formula-hacia-un-transporte-mas-sostenible\\\/#breadcrumb\"},\"inLanguage\":\"en-US\",\"potentialAction\":[{\"@type\":\"ReadAction\",\"target\":[\"https:\\\/\\\/fedebiocombustibles.com\\\/motores-euro-vi-y-biodiesel-la-formula-hacia-un-transporte-mas-sostenible\\\/\"]}]},{\"@type\":\"ImageObject\",\"inLanguage\":\"en-US\",\"@id\":\"https:\\\/\\\/fedebiocombustibles.com\\\/motores-euro-vi-y-biodiesel-la-formula-hacia-un-transporte-mas-sostenible\\\/#primaryimage\",\"url\":\"https:\\\/\\\/fedebiocombustibles.com\\\/wp-content\\\/uploads\\\/2023\\\/10\\\/Comunicado-octubre-scaled-e1698422447471.jpg\",\"contentUrl\":\"https:\\\/\\\/fedebiocombustibles.com\\\/wp-content\\\/uploads\\\/2023\\\/10\\\/Comunicado-octubre-scaled-e1698422447471.jpg\",\"width\":2000,\"height\":1500},{\"@type\":\"BreadcrumbList\",\"@id\":\"https:\\\/\\\/fedebiocombustibles.com\\\/motores-euro-vi-y-biodiesel-la-formula-hacia-un-transporte-mas-sostenible\\\/#breadcrumb\",\"itemListElement\":[{\"@type\":\"ListItem\",\"position\":1,\"name\":\"Portada\",\"item\":\"https:\\\/\\\/fedebiocombustibles.com\\\/\"},{\"@type\":\"ListItem\",\"position\":2,\"name\":\"Motores Euro VI y Biodi\u00e9sel, la f\u00f3rmula hacia un transporte m\u00e1s sostenible\"}]},{\"@type\":\"WebSite\",\"@id\":\"https:\\\/\\\/fedebiocombustibles.com\\\/#website\",\"url\":\"https:\\\/\\\/fedebiocombustibles.com\\\/\",\"name\":\"Federaci\u00f3n Nacional de Biocombustibles\",\"description\":\"Colombia\",\"potentialAction\":[{\"@type\":\"SearchAction\",\"target\":{\"@type\":\"EntryPoint\",\"urlTemplate\":\"https:\\\/\\\/fedebiocombustibles.com\\\/?s={search_term_string}\"},\"query-input\":{\"@type\":\"PropertyValueSpecification\",\"valueRequired\":true,\"valueName\":\"search_term_string\"}}],\"inLanguage\":\"en-US\"},{\"@type\":\"Person\",\"@id\":\"https:\\\/\\\/fedebiocombustibles.com\\\/#\\\/schema\\\/person\\\/77df2713a53f1ecd515b1a69f25fcf1d\",\"name\":\"MD-Fedebio\",\"image\":{\"@type\":\"ImageObject\",\"inLanguage\":\"en-US\",\"@id\":\"https:\\\/\\\/fedebiocombustibles.com\\\/wp-content\\\/litespeed\\\/avatar\\\/18a51d442641b2db9eceb84b538662f6.jpg?ver=1776819910\",\"url\":\"https:\\\/\\\/fedebiocombustibles.com\\\/wp-content\\\/litespeed\\\/avatar\\\/18a51d442641b2db9eceb84b538662f6.jpg?ver=1776819910\",\"contentUrl\":\"https:\\\/\\\/fedebiocombustibles.com\\\/wp-content\\\/litespeed\\\/avatar\\\/18a51d442641b2db9eceb84b538662f6.jpg?ver=1776819910\",\"caption\":\"MD-Fedebio\"},\"sameAs\":[\"https:\\\/\\\/fedebiocombustibles.com\"],\"url\":\"https:\\\/\\\/fedebiocombustibles.com\\\/en\\\/author\\\/md-fedebio\\\/\"}]}<\/script>\n<!-- \/ Yoast SEO plugin. -->","yoast_head_json":{"title":"Motores Euro VI y Biodi\u00e9sel, la f\u00f3rmula hacia un transporte m\u00e1s sostenible","description":"En un esfuerzo continuo por reducir las emisiones contaminantes y avanzar hacia un transporte m\u00e1s sostenible, el uso de motores Euro VI en combinaci\u00f3n con Biodi\u00e9sel, emergen como una soluci\u00f3n viable y efectiva en Colombia.","robots":{"index":"index","follow":"follow","max-snippet":"max-snippet:-1","max-image-preview":"max-image-preview:large","max-video-preview":"max-video-preview:-1"},"canonical":"https:\/\/fedebiocombustibles.com\/en\/motores-euro-vi-y-biodiesel-la-formula-hacia-un-transporte-mas-sostenible\/","og_locale":"en_US","og_type":"article","og_title":"Motores Euro VI y Biodi\u00e9sel, la f\u00f3rmula hacia un transporte m\u00e1s sostenible","og_description":"En un esfuerzo continuo por reducir las emisiones contaminantes y avanzar hacia un transporte m\u00e1s sostenible, el uso de motores Euro VI en combinaci\u00f3n con Biodi\u00e9sel, emergen como una soluci\u00f3n viable y efectiva en Colombia.","og_url":"https:\/\/fedebiocombustibles.com\/en\/motores-euro-vi-y-biodiesel-la-formula-hacia-un-transporte-mas-sostenible\/","og_site_name":"Federaci\u00f3n Nacional de Biocombustibles","article_published_time":"2023-10-27T16:06:43+00:00","article_modified_time":"2024-09-18T15:40:42+00:00","og_image":[{"width":2000,"height":1500,"url":"https:\/\/fedebiocombustibles.com\/wp-content\/uploads\/2023\/10\/Comunicado-octubre-scaled-e1698422447471.jpg","type":"image\/jpeg"}],"author":"MD-Fedebio","twitter_card":"summary_large_image","twitter_misc":{"Written by":"MD-Fedebio","Est. reading time":"4 minutes"},"schema":{"@context":"https:\/\/schema.org","@graph":[{"@type":"Article","@id":"https:\/\/fedebiocombustibles.com\/motores-euro-vi-y-biodiesel-la-formula-hacia-un-transporte-mas-sostenible\/#article","isPartOf":{"@id":"https:\/\/fedebiocombustibles.com\/motores-euro-vi-y-biodiesel-la-formula-hacia-un-transporte-mas-sostenible\/"},"author":{"name":"MD-Fedebio","@id":"https:\/\/fedebiocombustibles.com\/#\/schema\/person\/77df2713a53f1ecd515b1a69f25fcf1d"},"headline":"Motores Euro VI y Biodi\u00e9sel, la f\u00f3rmula hacia un transporte m\u00e1s sostenible","datePublished":"2023-10-27T16:06:43+00:00","dateModified":"2024-09-18T15:40:42+00:00","mainEntityOfPage":{"@id":"https:\/\/fedebiocombustibles.com\/motores-euro-vi-y-biodiesel-la-formula-hacia-un-transporte-mas-sostenible\/"},"wordCount":846,"image":{"@id":"https:\/\/fedebiocombustibles.com\/motores-euro-vi-y-biodiesel-la-formula-hacia-un-transporte-mas-sostenible\/#primaryimage"},"thumbnailUrl":"https:\/\/fedebiocombustibles.com\/wp-content\/uploads\/2023\/10\/Comunicado-octubre-scaled-e1698422447471.jpg","articleSection":["Comunicados"],"inLanguage":"en-US"},{"@type":"WebPage","@id":"https:\/\/fedebiocombustibles.com\/motores-euro-vi-y-biodiesel-la-formula-hacia-un-transporte-mas-sostenible\/","url":"https:\/\/fedebiocombustibles.com\/motores-euro-vi-y-biodiesel-la-formula-hacia-un-transporte-mas-sostenible\/","name":"Motores Euro VI y Biodi\u00e9sel, la f\u00f3rmula hacia un transporte m\u00e1s sostenible","isPartOf":{"@id":"https:\/\/fedebiocombustibles.com\/#website"},"primaryImageOfPage":{"@id":"https:\/\/fedebiocombustibles.com\/motores-euro-vi-y-biodiesel-la-formula-hacia-un-transporte-mas-sostenible\/#primaryimage"},"image":{"@id":"https:\/\/fedebiocombustibles.com\/motores-euro-vi-y-biodiesel-la-formula-hacia-un-transporte-mas-sostenible\/#primaryimage"},"thumbnailUrl":"https:\/\/fedebiocombustibles.com\/wp-content\/uploads\/2023\/10\/Comunicado-octubre-scaled-e1698422447471.jpg","datePublished":"2023-10-27T16:06:43+00:00","dateModified":"2024-09-18T15:40:42+00:00","author":{"@id":"https:\/\/fedebiocombustibles.com\/#\/schema\/person\/77df2713a53f1ecd515b1a69f25fcf1d"},"description":"En un esfuerzo continuo por reducir las emisiones contaminantes y avanzar hacia un transporte m\u00e1s sostenible, el uso de motores Euro VI en combinaci\u00f3n con Biodi\u00e9sel, emergen como una soluci\u00f3n viable y efectiva en Colombia.","breadcrumb":{"@id":"https:\/\/fedebiocombustibles.com\/motores-euro-vi-y-biodiesel-la-formula-hacia-un-transporte-mas-sostenible\/#breadcrumb"},"inLanguage":"en-US","potentialAction":[{"@type":"ReadAction","target":["https:\/\/fedebiocombustibles.com\/motores-euro-vi-y-biodiesel-la-formula-hacia-un-transporte-mas-sostenible\/"]}]},{"@type":"ImageObject","inLanguage":"en-US","@id":"https:\/\/fedebiocombustibles.com\/motores-euro-vi-y-biodiesel-la-formula-hacia-un-transporte-mas-sostenible\/#primaryimage","url":"https:\/\/fedebiocombustibles.com\/wp-content\/uploads\/2023\/10\/Comunicado-octubre-scaled-e1698422447471.jpg","contentUrl":"https:\/\/fedebiocombustibles.com\/wp-content\/uploads\/2023\/10\/Comunicado-octubre-scaled-e1698422447471.jpg","width":2000,"height":1500},{"@type":"BreadcrumbList","@id":"https:\/\/fedebiocombustibles.com\/motores-euro-vi-y-biodiesel-la-formula-hacia-un-transporte-mas-sostenible\/#breadcrumb","itemListElement":[{"@type":"ListItem","position":1,"name":"Portada","item":"https:\/\/fedebiocombustibles.com\/"},{"@type":"ListItem","position":2,"name":"Motores Euro VI y Biodi\u00e9sel, la f\u00f3rmula hacia un transporte m\u00e1s sostenible"}]},{"@type":"WebSite","@id":"https:\/\/fedebiocombustibles.com\/#website","url":"https:\/\/fedebiocombustibles.com\/","name":"Federaci\u00f3n Nacional de Biocombustibles","description":"Colombia","potentialAction":[{"@type":"SearchAction","target":{"@type":"EntryPoint","urlTemplate":"https:\/\/fedebiocombustibles.com\/?s={search_term_string}"},"query-input":{"@type":"PropertyValueSpecification","valueRequired":true,"valueName":"search_term_string"}}],"inLanguage":"en-US"},{"@type":"Person","@id":"https:\/\/fedebiocombustibles.com\/#\/schema\/person\/77df2713a53f1ecd515b1a69f25fcf1d","name":"MD-Fedebio","image":{"@type":"ImageObject","inLanguage":"en-US","@id":"https:\/\/fedebiocombustibles.com\/wp-content\/litespeed\/avatar\/18a51d442641b2db9eceb84b538662f6.jpg?ver=1776819910","url":"https:\/\/fedebiocombustibles.com\/wp-content\/litespeed\/avatar\/18a51d442641b2db9eceb84b538662f6.jpg?ver=1776819910","contentUrl":"https:\/\/fedebiocombustibles.com\/wp-content\/litespeed\/avatar\/18a51d442641b2db9eceb84b538662f6.jpg?ver=1776819910","caption":"MD-Fedebio"},"sameAs":["https:\/\/fedebiocombustibles.com"],"url":"https:\/\/fedebiocombustibles.com\/en\/author\/md-fedebio\/"}]}},"_links":{"self":[{"href":"https:\/\/fedebiocombustibles.com\/en\/wp-json\/wp\/v2\/posts\/6653","targetHints":{"allow":["GET"]}}],"collection":[{"href":"https:\/\/fedebiocombustibles.com\/en\/wp-json\/wp\/v2\/posts"}],"about":[{"href":"https:\/\/fedebiocombustibles.com\/en\/wp-json\/wp\/v2\/types\/post"}],"author":[{"embeddable":true,"href":"https:\/\/fedebiocombustibles.com\/en\/wp-json\/wp\/v2\/users\/1"}],"replies":[{"embeddable":true,"href":"https:\/\/fedebiocombustibles.com\/en\/wp-json\/wp\/v2\/comments?post=6653"}],"version-history":[{"count":8,"href":"https:\/\/fedebiocombustibles.com\/en\/wp-json\/wp\/v2\/posts\/6653\/revisions"}],"predecessor-version":[{"id":6671,"href":"https:\/\/fedebiocombustibles.com\/en\/wp-json\/wp\/v2\/posts\/6653\/revisions\/6671"}],"wp:featuredmedia":[{"embeddable":true,"href":"https:\/\/fedebiocombustibles.com\/en\/wp-json\/wp\/v2\/media\/6654"}],"wp:attachment":[{"href":"https:\/\/fedebiocombustibles.com\/en\/wp-json\/wp\/v2\/media?parent=6653"}],"wp:term":[{"taxonomy":"category","embeddable":true,"href":"https:\/\/fedebiocombustibles.com\/en\/wp-json\/wp\/v2\/categories?post=6653"},{"taxonomy":"post_tag","embeddable":true,"href":"https:\/\/fedebiocombustibles.com\/en\/wp-json\/wp\/v2\/tags?post=6653"}],"curies":[{"name":"wp","href":"https:\/\/api.w.org\/{rel}","templated":true}]}}