{"id":6170,"date":"2023-08-28T10:30:40","date_gmt":"2023-08-28T10:30:40","guid":{"rendered":"https:\/\/fedebiocombustibles.com\/?p=6170"},"modified":"2024-09-18T10:41:00","modified_gmt":"2024-09-18T15:41:00","slug":"como-aportas-a-la-mitigacion-del-cambio-climatico-con-el-uso-de-biocombustibles","status":"publish","type":"post","link":"https:\/\/fedebiocombustibles.com\/en\/como-aportas-a-la-mitigacion-del-cambio-climatico-con-el-uso-de-biocombustibles\/","title":{"rendered":"Como aportas a la mitigaci\u00f3n del cambio clim\u00e1tico con el uso de biocombustibles"},"content":{"rendered":"<div data-elementor-type=\"wp-post\" data-elementor-id=\"6170\" class=\"elementor elementor-6170\" data-elementor-post-type=\"post\">\n\t\t\t\t\t\t<section class=\"elementor-section elementor-top-section elementor-element elementor-element-1c65cb8 elementor-section-full_width elementor-section-height-default elementor-section-height-default\" data-id=\"1c65cb8\" data-element_type=\"section\" data-e-type=\"section\">\n\t\t\t\t\t\t<div class=\"elementor-container elementor-column-gap-default\">\n\t\t\t\t\t<div class=\"elementor-column elementor-col-20 elementor-top-column elementor-element elementor-element-704ccec\" data-id=\"704ccec\" data-element_type=\"column\" data-e-type=\"column\">\n\t\t\t<div class=\"elementor-widget-wrap\">\n\t\t\t\t\t\t\t<\/div>\n\t\t<\/div>\n\t\t\t\t<div class=\"elementor-column elementor-col-20 elementor-top-column elementor-element elementor-element-a22cf19\" data-id=\"a22cf19\" data-element_type=\"column\" data-e-type=\"column\">\n\t\t\t<div class=\"elementor-widget-wrap elementor-element-populated\">\n\t\t\t\t\t\t<div class=\"elementor-element elementor-element-54a6250 elementor-widget elementor-widget-heading\" data-id=\"54a6250\" data-element_type=\"widget\" data-e-type=\"widget\" data-widget_type=\"heading.default\">\n\t\t\t\t<div class=\"elementor-widget-container\">\n\t\t\t\t\t<h1 class=\"elementor-heading-title elementor-size-default\">\u00bfSabes c\u00f3mo aportas a la mitigaci\u00f3n del cambio clim\u00e1tico con el uso de biocombustibles?<\/h1>\t\t\t\t<\/div>\n\t\t\t\t<\/div>\n\t\t\t\t<div class=\"elementor-element elementor-element-2d3f2d4 elementor-widget elementor-widget-image\" data-id=\"2d3f2d4\" data-element_type=\"widget\" data-e-type=\"widget\" data-widget_type=\"image.default\">\n\t\t\t\t<div class=\"elementor-widget-container\">\n\t\t\t\t\t\t\t\t\t\t\t\t\t\t\t\t<a href=\"https:\/\/fedebiocombustibles.com\/en\/calculadorambiental\/\">\n\t\t\t\t\t\t\t<img fetchpriority=\"high\" decoding=\"async\" width=\"554\" height=\"466\" src=\"https:\/\/fedebiocombustibles.com\/wp-content\/uploads\/2023\/09\/Calculadora-ambiental-554x466.jpeg\" class=\"attachment-contentberg-slider-grid-b size-contentberg-slider-grid-b wp-image-6171\" alt=\"\" \/>\t\t\t\t\t\t\t\t<\/a>\n\t\t\t\t\t\t\t\t\t\t\t\t\t\t\t<\/div>\n\t\t\t\t<\/div>\n\t\t\t\t<div class=\"elementor-element elementor-element-886d9bf elementor-align-start elementor-icon-list--layout-traditional elementor-list-item-link-full_width elementor-widget elementor-widget-icon-list\" data-id=\"886d9bf\" data-element_type=\"widget\" data-e-type=\"widget\" data-widget_type=\"icon-list.default\">\n\t\t\t\t<div class=\"elementor-widget-container\">\n\t\t\t\t\t\t\t<ul class=\"elementor-icon-list-items\">\n\t\t\t\t\t\t\t<li class=\"elementor-icon-list-item\">\n\t\t\t\t\t\t\t\t\t\t\t<span class=\"elementor-icon-list-icon\">\n\t\t\t\t\t\t\t<i aria-hidden=\"true\" class=\"fas fa-circle\"><\/i>\t\t\t\t\t\t<\/span>\n\t\t\t\t\t\t\t\t\t\t<span class=\"elementor-icon-list-text\">La calculadora ambiental es una herramienta que ayuda a los conductores, transportadores y usuarios de veh\u00edculos, a conocer cu\u00e1nto impacta el consumo de combustible de su veh\u00edculo en el calentamiento global.<\/span>\n\t\t\t\t\t\t\t\t\t<\/li>\n\t\t\t\t\t\t\t\t<li class=\"elementor-icon-list-item\">\n\t\t\t\t\t\t\t\t\t\t\t<span class=\"elementor-icon-list-icon\">\n\t\t\t\t\t\t\t<i aria-hidden=\"true\" class=\"fas fa-circle\"><\/i>\t\t\t\t\t\t<\/span>\n\t\t\t\t\t\t\t\t\t\t<span class=\"elementor-icon-list-text\">Colombia tiene la meta de reducir el 51% de sus emisiones de CO2 para el a\u00f1o 2030, de las cuales el 12% provienen del sector transporte. <\/span>\n\t\t\t\t\t\t\t\t\t<\/li>\n\t\t\t\t\t\t\t\t<li class=\"elementor-icon-list-item\">\n\t\t\t\t\t\t\t\t\t\t\t<span class=\"elementor-icon-list-icon\">\n\t\t\t\t\t\t\t<i aria-hidden=\"true\" class=\"fas fa-circle\"><\/i>\t\t\t\t\t\t<\/span>\n\t\t\t\t\t\t\t\t\t\t<span class=\"elementor-icon-list-text\">En los \u00faltimos 20 a\u00f1os con el uso de los biocombustibles se han logrado reducciones de m\u00e1s de 34 millones de toneladas de gases efecto invernadero.<\/span>\n\t\t\t\t\t\t\t\t\t<\/li>\n\t\t\t\t\t\t<\/ul>\n\t\t\t\t\t\t<\/div>\n\t\t\t\t<\/div>\n\t\t\t\t<div class=\"elementor-element elementor-element-e2105cf elementor-widget elementor-widget-text-editor\" data-id=\"e2105cf\" data-element_type=\"widget\" data-e-type=\"widget\" data-widget_type=\"text-editor.default\">\n\t\t\t\t<div class=\"elementor-widget-container\">\n\t\t\t\t\t\t\t\t\t<p><strong>Bogot\u00e1, agosto de 2023.<\/strong> Los transportadores, usuarios de veh\u00edculos y motocicletas cuentan con una herramienta que ayuda conocer cu\u00e1l su aporte a la reducci\u00f3n de emisiones de gases efecto invernadero (GEI) al usar biocombustibles.<\/p><p>En el marco de la transici\u00f3n energ\u00e9tica, la Federaci\u00f3n Nacional de Biocombustibles presenta la calculadora ambiental, una herramienta desarrollada para que los transportadores y usuarios de veh\u00edculos conozcan cu\u00e1nto beneficia el uso de energ\u00eda l\u00edquida renovable de sus veh\u00edculos en el medio ambiente.<\/p><p>En este sentido, los usuarios podr\u00e1n medir su contribuci\u00f3n a un mundo m\u00e1s sostenible, adem\u00e1s de conocer c\u00f3mo aportan a la descarbonizaci\u00f3n del pa\u00eds cada vez que tanquean sus veh\u00edculos.<\/p><p>Los biocombustibles son energ\u00eda l\u00edquida renovable que ayuda a mitigar el impacto de la huella de carbono en el sector transporte. <em>\u201cEn los \u00faltimos 20 a\u00f1os, el uso de biocombustibles ha logrado reducir m\u00e1s de 34 millones de toneladas de gases efecto invernadero, aportando a la meta que Colombia estableci\u00f3 el 29 de diciembre de 2020, ante la Convenci\u00f3n Marco de las Naciones Unidas: bajar en un 51 % los gases de efecto invernadero para el 2030 y que ratific\u00f3 el gobierno del se\u00f1or Presidente Gustavo Petro\u201d.<\/em> Menciona Carolina Rojas, presidente de Fedebiocombustibles.<\/p><p>As\u00ed mismo, el pa\u00eds se proyecta para ser un territorio carbono-neutral para el a\u00f1o 2050. Por ello, el uso de los biocombustibles se convierte en una fuente de energ\u00eda renovable alternativa a los combustibles f\u00f3siles, ya que con su uso se mitiga como m\u00ednimo un 74% y 83% las emisiones de GEI, cuando se usan las mezclas de Bioetanol y Biodi\u00e9sel, respectivamente. Gracias a la base vegetal de los biocombustibles producidos en Colombia (de aceite de palma y de ca\u00f1a de az\u00facar), la reducci\u00f3n de emisiones de GEI se genera con una absorci\u00f3n de CO<sub>2<\/sub>, debido al origen de esta energ\u00eda l\u00edquida renovable.\u00a0<\/p><p>La calculadora ambiental utiliza los factores de emisi\u00f3n del an\u00e1lisis del ciclo de vida de los biocombustibles en Colombia, estudio realizado para el Ministerio de Minas y Energ\u00eda por el consorcio CUE, Centro Nacional de Producci\u00f3n m\u00e1s Limpia, Universidad Pontificia Bolivariana y el Instituto Suizo EMPA. Estos resultados se han venido confirmando por estudios realizados por el Global BioEnergy Parnertship de la FAO, ISCC, Banco Mundial, entre otros.<\/p><p>Cuando se utiliza la calculadora ambiental se puede determinar cu\u00e1nto CO<sub>2<\/sub> se deja de emitir anualmente de acuerdo con los galones de combustible promedio que usa el veh\u00edculo mensualmente. Tambi\u00e9n, muestra cu\u00e1ntos \u00e1rboles se requieren para capturar esas emisiones de gases efecto invernadero.<\/p><p>Con lo anterior, los usuarios podr\u00e1n conocer el impacto de los biocombustibles en la reducci\u00f3n de emisiones de carbono y tomar acciones que puedan respaldar un mundo m\u00e1s sostenible.<\/p><p>An\u00edmate a calcular cu\u00e1ntas emisiones has evitado por el uso de biocombustibles en <a href=\"https:\/\/fedebiocombustibles.com\/en\/calculadorambiental\/\">https:\/\/fedebiocombustibles.com\/calculadorambiental\/<\/a><\/p>\t\t\t\t\t\t\t\t<\/div>\n\t\t\t\t<\/div>\n\t\t\t\t\t<\/div>\n\t\t<\/div>\n\t\t\t\t<div class=\"elementor-column elementor-col-20 elementor-top-column elementor-element elementor-element-47cf487\" data-id=\"47cf487\" data-element_type=\"column\" data-e-type=\"column\">\n\t\t\t<div class=\"elementor-widget-wrap\">\n\t\t\t\t\t\t\t<\/div>\n\t\t<\/div>\n\t\t\t\t<div class=\"elementor-column elementor-col-20 elementor-top-column elementor-element elementor-element-c425803\" data-id=\"c425803\" data-element_type=\"column\" data-e-type=\"column\">\n\t\t\t<div class=\"elementor-widget-wrap elementor-element-populated\">\n\t\t\t\t\t\t<section class=\"elementor-section elementor-inner-section elementor-element elementor-element-4a77d59 elementor-section-full_width elementor-section-height-default elementor-section-height-default\" data-id=\"4a77d59\" data-element_type=\"section\" data-e-type=\"section\">\n\t\t\t\t\t\t<div class=\"elementor-container elementor-column-gap-default\">\n\t\t\t\t\t<div class=\"elementor-column elementor-col-100 elementor-inner-column elementor-element elementor-element-f7a266f\" data-id=\"f7a266f\" data-element_type=\"column\" data-e-type=\"column\" data-settings=\"{&quot;background_background&quot;:&quot;classic&quot;}\">\n\t\t\t<div class=\"elementor-widget-wrap elementor-element-populated\">\n\t\t\t\t\t\t<div class=\"elementor-element elementor-element-cf74e4e elementor-widget elementor-widget-heading\" data-id=\"cf74e4e\" data-element_type=\"widget\" data-e-type=\"widget\" data-widget_type=\"heading.default\">\n\t\t\t\t<div class=\"elementor-widget-container\">\n\t\t\t\t\t<h2 class=\"elementor-heading-title elementor-size-default\">Boletines informativos<\/h2>\t\t\t\t<\/div>\n\t\t\t\t<\/div>\n\t\t\t\t<div class=\"elementor-element elementor-element-0db42c6 elementor-widget-divider--view-line elementor-widget elementor-widget-divider\" data-id=\"0db42c6\" data-element_type=\"widget\" data-e-type=\"widget\" data-widget_type=\"divider.default\">\n\t\t\t\t<div class=\"elementor-widget-container\">\n\t\t\t\t\t\t\t<div class=\"elementor-divider\">\n\t\t\t<span class=\"elementor-divider-separator\">\n\t\t\t\t\t\t<\/span>\n\t\t<\/div>\n\t\t\t\t\t\t<\/div>\n\t\t\t\t<\/div>\n\t\t\t\t<div class=\"elementor-element elementor-element-5fa38f1 eael-contact-form-7-button-full-width elementor-widget elementor-widget-eael-contact-form-7\" data-id=\"5fa38f1\" data-element_type=\"widget\" data-e-type=\"widget\" data-widget_type=\"eael-contact-form-7.default\">\n\t\t\t\t<div class=\"elementor-widget-container\">\n\t\t\t\t\t<div class=\"eael-contact-form-7-wrapper\">\n                <div class=\"eael-contact-form eael-contact-form-7 eael-contact-form-5fa38f1 placeholder-show eael-contact-form-align-center\">\n<div class=\"wpcf7 no-js\" id=\"wpcf7-f1047-o1\" lang=\"es-ES\" dir=\"ltr\" data-wpcf7-id=\"1047\">\n<div class=\"screen-reader-response\"><p role=\"status\" aria-live=\"polite\" aria-atomic=\"true\"><\/p> <ul><\/ul><\/div>\n<form action=\"\/en\/wp-json\/wp\/v2\/posts\/6170#wpcf7-f1047-o1\" method=\"post\" class=\"wpcf7-form init\" aria-label=\"Formulario de contacto\" novalidate=\"novalidate\" data-status=\"init\" data-trp-original-action=\"\/en\/wp-json\/wp\/v2\/posts\/6170#wpcf7-f1047-o1\">\n<fieldset class=\"hidden-fields-container\"><input type=\"hidden\" name=\"_wpcf7\" value=\"1047\" \/><input type=\"hidden\" name=\"_wpcf7_version\" value=\"6.1.5\" \/><input type=\"hidden\" name=\"_wpcf7_locale\" value=\"es_ES\" \/><input type=\"hidden\" name=\"_wpcf7_unit_tag\" value=\"wpcf7-f1047-o1\" \/><input type=\"hidden\" name=\"_wpcf7_container_post\" value=\"0\" \/><input type=\"hidden\" name=\"_wpcf7_posted_data_hash\" value=\"\" \/><input type=\"hidden\" name=\"_wpcf7_recaptcha_response\" value=\"\" \/>\n<\/fieldset>\n<h5 style=\"color: #000000; text-align:center;\">Registra tus datos para recibir actualizaciones de nuestro bolet\u00edn\n<\/h5>\n<p><span class=\"wpcf7-form-control-wrap\" data-name=\"nombres\"><input size=\"40\" maxlength=\"400\" class=\"wpcf7-form-control wpcf7-text wpcf7-validates-as-required\" aria-required=\"true\" aria-invalid=\"false\" placeholder=\"Nombre\" value=\"\" type=\"text\" name=\"nombres\" \/><\/span><br \/>\n<span class=\"wpcf7-form-control-wrap\" data-name=\"email-621\"><input size=\"40\" maxlength=\"400\" class=\"wpcf7-form-control wpcf7-email wpcf7-validates-as-required wpcf7-text wpcf7-validates-as-email\" aria-required=\"true\" aria-invalid=\"false\" placeholder=\"Correo electr\u00f3nico\" value=\"\" type=\"email\" name=\"email-621\" \/><\/span>\n<\/p>\n<h6 style=\"color: #000000; text-align:center;\"> Al suscribirse autoriza el tratamiento de sus datos personales que puede consultar en el <a href=\"https:\/\/fedebiocombustibles.com\/wp-content\/uploads\/2022\/10\/DA-MNL-005-MANUAL-DE-POLITICA-DE-TRATAMIENTO-DE-DATOS-PERSONALES-V2.pdf\"> manual de politicas de tratamiento de datos personales <\/a>\n<\/h6>\n<p><input class=\"wpcf7-form-control wpcf7-submit has-spinner\" type=\"submit\" value=\"Suscr\u00edbete\" \/>\n<\/p><div class=\"wpcf7-response-output\" aria-hidden=\"true\"><\/div>\n<input type=\"hidden\" name=\"trp-form-language\" value=\"en\"\/><\/form>\n<\/div>\n<\/div>\n            <\/div>\t\t\t\t<\/div>\n\t\t\t\t<\/div>\n\t\t\t\t\t<\/div>\n\t\t<\/div>\n\t\t\t\t\t<\/div>\n\t\t<\/section>\n\t\t\t\t<div class=\"elementor-element elementor-element-7cf693f elementor-widget elementor-widget-heading\" data-id=\"7cf693f\" data-element_type=\"widget\" data-e-type=\"widget\" data-widget_type=\"heading.default\">\n\t\t\t\t<div class=\"elementor-widget-container\">\n\t\t\t\t\t<h2 class=\"elementor-heading-title elementor-size-default\">\u00daltimos Posts<\/h2>\t\t\t\t<\/div>\n\t\t\t\t<\/div>\n\t\t\t\t<div class=\"elementor-element elementor-element-0d9edc5 elementor-widget-divider--view-line elementor-widget elementor-widget-divider\" data-id=\"0d9edc5\" data-element_type=\"widget\" data-e-type=\"widget\" data-widget_type=\"divider.default\">\n\t\t\t\t<div class=\"elementor-widget-container\">\n\t\t\t\t\t\t\t<div class=\"elementor-divider\">\n\t\t\t<span class=\"elementor-divider-separator\">\n\t\t\t\t\t\t<\/span>\n\t\t<\/div>\n\t\t\t\t\t\t<\/div>\n\t\t\t\t<\/div>\n\t\t\t\t<div class=\"elementor-element elementor-element-2618c17 elementor-grid-eael-col-1 e-transform elementor-grid-tablet-eael-col-1 elementor-grid-mobile-eael-col-1 elementor-widget elementor-widget-eael-post-grid\" data-id=\"2618c17\" data-element_type=\"widget\" data-e-type=\"widget\" data-settings=\"{&quot;eael_post_grid_columns&quot;:&quot;eael-col-1&quot;,&quot;eael_post_grid_columns_tablet&quot;:&quot;eael-col-1&quot;,&quot;eael_post_grid_columns_mobile&quot;:&quot;eael-col-1&quot;,&quot;_transform_translateX_effect_hover&quot;:{&quot;unit&quot;:&quot;px&quot;,&quot;size&quot;:&quot;&quot;,&quot;sizes&quot;:[]},&quot;_transform_translateX_effect_hover_tablet&quot;:{&quot;unit&quot;:&quot;px&quot;,&quot;size&quot;:&quot;&quot;,&quot;sizes&quot;:[]},&quot;_transform_translateX_effect_hover_mobile&quot;:{&quot;unit&quot;:&quot;px&quot;,&quot;size&quot;:&quot;&quot;,&quot;sizes&quot;:[]},&quot;_transform_translateY_effect_hover&quot;:{&quot;unit&quot;:&quot;px&quot;,&quot;size&quot;:&quot;&quot;,&quot;sizes&quot;:[]},&quot;_transform_translateY_effect_hover_tablet&quot;:{&quot;unit&quot;:&quot;px&quot;,&quot;size&quot;:&quot;&quot;,&quot;sizes&quot;:[]},&quot;_transform_translateY_effect_hover_mobile&quot;:{&quot;unit&quot;:&quot;px&quot;,&quot;size&quot;:&quot;&quot;,&quot;sizes&quot;:[]}}\" data-widget_type=\"eael-post-grid.default\">\n\t\t\t\t<div class=\"elementor-widget-container\">\n\t\t\t\t\t<div id=\"eael-post-grid-2618c17\" class=\"eael-post-grid-container\">\n            <div class=\"eael-post-grid eael-post-appender eael-post-appender-2618c17 eael-post-grid-style-two\" data-layout-mode=\"grid\"><article class=\"eael-grid-post  eael-post-grid-column eael-pg-post-12194 category-comunicados\" data-id=\"12194\">\n    <div class=\"eael-grid-post-holder\">\n        <div class=\"eael-grid-post-holder-inner\"><div class=\"eael-entry-media\"><div class=\"eael-entry-overlay slide-up\"><i class=\"fas fa-angle-right\" aria-hidden=\"true\"><\/i><a href=\"https:\/\/fedebiocombustibles.com\/en\/cambio-en-la-presidencia-de-la-federacion-nacional-de-biocombustibles-de-colombia\/\"><\/a><\/div><div class=\"eael-entry-thumbnail\">\n                            <img decoding=\"async\" width=\"370\" height=\"208\" src=\"https:\/\/fedebiocombustibles.com\/wp-content\/uploads\/2025\/11\/Carlos-Mateus-2-scaled.png\" class=\"attachment-contentberg-grid size-contentberg-grid wp-image-12196\" alt=\"\" srcset=\"https:\/\/fedebiocombustibles.com\/wp-content\/uploads\/2025\/11\/Carlos-Mateus-2-scaled.png 2560w, https:\/\/fedebiocombustibles.com\/wp-content\/uploads\/2025\/11\/Carlos-Mateus-2-300x169.png 300w, https:\/\/fedebiocombustibles.com\/wp-content\/uploads\/2025\/11\/Carlos-Mateus-2-1024x576.png 1024w, https:\/\/fedebiocombustibles.com\/wp-content\/uploads\/2025\/11\/Carlos-Mateus-2-768x432.png 768w, https:\/\/fedebiocombustibles.com\/wp-content\/uploads\/2025\/11\/Carlos-Mateus-2-1536x864.png 1536w\" sizes=\"(max-width: 370px) 100vw, 370px\" \/>\n                            <\/div>\n                    <\/div><div class=\"eael-entry-wrapper\"><header class=\"eael-entry-header\"><h2 class=\"eael-entry-title\"><a class=\"eael-grid-post-link\" href=\"https:\/\/fedebiocombustibles.com\/en\/cambio-en-la-presidencia-de-la-federacion-nacional-de-biocombustibles-de-colombia\/\" title=\"Cambio en la Presidencia de la Federaci\u00f3n Nacional de Biocombustibles de Colombia\">Cambio en la Presidencia de la Federaci\u00f3n Nacional de Biocombustibles de Colombia<\/a><\/h2><\/header><div class=\"eael-entry-content\">\n                                <div class=\"eael-grid-post-excerpt\"><p>Durante la V Conferencia Internacional de Biocombustibles, se present\u00f3 el Corolla...<\/p><a href=\"https:\/\/fedebiocombustibles.com\/en\/cambio-en-la-presidencia-de-la-federacion-nacional-de-biocombustibles-de-colombia\/\" class=\"eael-post-elements-readmore-btn\">Leer m\u00e1s<\/a><\/div>\n                            <\/div><\/div><\/div>\n    <\/div>\n<\/article><article class=\"eael-grid-post  eael-post-grid-column eael-pg-post-12020 category-comunicados\" data-id=\"12020\">\n    <div class=\"eael-grid-post-holder\">\n        <div class=\"eael-grid-post-holder-inner\"><div class=\"eael-entry-media\"><div class=\"eael-entry-overlay slide-up\"><i class=\"fas fa-angle-right\" aria-hidden=\"true\"><\/i><a href=\"https:\/\/fedebiocombustibles.com\/en\/colombia-da-el-primer-paso-para-la-produccion-de-combustible-sostenible-de-aviacion-saf\/\"><\/a><\/div><div class=\"eael-entry-thumbnail\">\n                            <img decoding=\"async\" width=\"370\" height=\"245\" src=\"https:\/\/fedebiocombustibles.com\/wp-content\/uploads\/2025\/05\/Asi-es-el-auto-hibrido-con-bioetanol-de-cana-100-colombiano-presentado-en-Santa-Marta-370x245.jpg\" class=\"attachment-contentberg-grid size-contentberg-grid wp-image-11901\" alt=\"As\u00ed es el auto h\u00edbrido con bioetanol de ca\u00f1a 100% colombiano presentado en Santa Marta\" srcset=\"https:\/\/fedebiocombustibles.com\/wp-content\/uploads\/2025\/05\/Asi-es-el-auto-hibrido-con-bioetanol-de-cana-100-colombiano-presentado-en-Santa-Marta-370x245.jpg 370w, https:\/\/fedebiocombustibles.com\/wp-content\/uploads\/2025\/05\/Asi-es-el-auto-hibrido-con-bioetanol-de-cana-100-colombiano-presentado-en-Santa-Marta-300x200.jpg 300w, https:\/\/fedebiocombustibles.com\/wp-content\/uploads\/2025\/05\/Asi-es-el-auto-hibrido-con-bioetanol-de-cana-100-colombiano-presentado-en-Santa-Marta-1024x682.jpg 1024w, https:\/\/fedebiocombustibles.com\/wp-content\/uploads\/2025\/05\/Asi-es-el-auto-hibrido-con-bioetanol-de-cana-100-colombiano-presentado-en-Santa-Marta-1536x1023.jpg 1536w, https:\/\/fedebiocombustibles.com\/wp-content\/uploads\/2025\/05\/Asi-es-el-auto-hibrido-con-bioetanol-de-cana-100-colombiano-presentado-en-Santa-Marta-18x12.jpg 18w, https:\/\/fedebiocombustibles.com\/wp-content\/uploads\/2025\/05\/Asi-es-el-auto-hibrido-con-bioetanol-de-cana-100-colombiano-presentado-en-Santa-Marta-270x180.jpg 270w\" sizes=\"(max-width: 370px) 100vw, 370px\" \/>\n                            <\/div>\n                    <\/div><div class=\"eael-entry-wrapper\"><header class=\"eael-entry-header\"><h2 class=\"eael-entry-title\"><a class=\"eael-grid-post-link\" href=\"https:\/\/fedebiocombustibles.com\/en\/colombia-da-el-primer-paso-para-la-produccion-de-combustible-sostenible-de-aviacion-saf\/\" title=\"Colombia da el primer paso para la producci\u00f3n de combustible sostenible de aviaci\u00f3n (SAF)\">Colombia da el primer paso para la producci\u00f3n de combustible sostenible de aviaci\u00f3n (SAF)<\/a><\/h2><\/header><div class=\"eael-entry-content\">\n                                <div class=\"eael-grid-post-excerpt\"><p>Durante la V Conferencia Internacional de Biocombustibles, se present\u00f3 el Corolla...<\/p><a href=\"https:\/\/fedebiocombustibles.com\/en\/colombia-da-el-primer-paso-para-la-produccion-de-combustible-sostenible-de-aviacion-saf\/\" class=\"eael-post-elements-readmore-btn\">Leer m\u00e1s<\/a><\/div>\n                            <\/div><\/div><\/div>\n    <\/div>\n<\/article><\/div>\n            <div class=\"clearfix\"><\/div>\n        <\/div>            <div class=\"eael-load-more-button-wrap\">\n                <button class=\"eael-load-more-button\" id=\"eael-load-more-btn-2618c17\" data-widget-id=\"2618c17\" data-widget=\"2618c17\" data-page-id=\"6170\" data-template=\"{&quot;dir&quot;:&quot;lite&quot;,&quot;file_name&quot;:&quot;two.php&quot;,&quot;name&quot;:&quot;Post-Grid&quot;}\" data-class=\"Essential_Addons_Elementor\\Elements\\Post_Grid\" data-layout=\"grid\" data-page=\"1\" data-args=\"orderby=date&amp;order=desc&amp;ignore_sticky_posts=1&amp;post_status=publish&amp;posts_per_page=2&amp;offset=0&amp;post_type=post&amp;tax_query%5B0%5D%5Btaxonomy%5D=category&amp;tax_query%5B0%5D%5Bfield%5D=term_id&amp;tax_query%5B0%5D%5Bterms%5D%5B0%5D=3&amp;tax_query%5B0%5D%5Bterms%5D%5B1%5D=2&amp;tax_query%5B0%5D%5Bterms%5D%5B2%5D=9&amp;tax_query%5Brelation%5D=AND\" data-max-page=\"44\">\n                    <span class=\"eael-btn-loader button__loader\"><\/span>\n                    <span class=\"eael_load_more_text\">Cargar m\u00e1s<\/span>\n                <\/button>\n            <\/div>\n            \t\t\t\t<\/div>\n\t\t\t\t<\/div>\n\t\t\t\t\t<\/div>\n\t\t<\/div>\n\t\t\t\t<div class=\"elementor-column elementor-col-20 elementor-top-column elementor-element elementor-element-e3b04ca\" data-id=\"e3b04ca\" data-element_type=\"column\" data-e-type=\"column\">\n\t\t\t<div class=\"elementor-widget-wrap\">\n\t\t\t\t\t\t\t<\/div>\n\t\t<\/div>\n\t\t\t\t\t<\/div>\n\t\t<\/section>\n\t\t\t\t<\/div>","protected":false},"excerpt":{"rendered":"<p>\u00bfSabes c\u00f3mo aportas a la mitigaci\u00f3n del cambio clim\u00e1tico con el uso de biocombustibles? La calculadora ambiental es una herramienta que ayuda a los conductores, transportadores y usuarios de veh\u00edculos, a conocer cu\u00e1nto impacta el consumo de combustible de su veh\u00edculo en el calentamiento global. Colombia tiene la meta de reducir el 51% de sus<\/p>","protected":false},"author":1,"featured_media":6171,"comment_status":"closed","ping_status":"open","sticky":false,"template":"elementor_canvas","format":"standard","meta":{"_monsterinsights_skip_tracking":false,"_monsterinsights_sitenote_active":false,"_monsterinsights_sitenote_note":"","_monsterinsights_sitenote_category":0,"footnotes":""},"categories":[9],"tags":[],"class_list":{"0":"post-6170","1":"post","2":"type-post","3":"status-publish","4":"format-standard","5":"has-post-thumbnail","7":"category-comunicados"},"yoast_head":"<!-- This site is optimized with the Yoast SEO plugin v27.4 - https:\/\/yoast.com\/product\/yoast-seo-wordpress\/ -->\n<title>Como aportas a la mitigaci\u00f3n del cambio clim\u00e1tico con el uso de biocombustibles<\/title>\n<meta name=\"description\" content=\"Los transportadores, usuarios de veh\u00edculos y motocicletas cuentan con una herramienta que ayuda conocer cu\u00e1l su aporte a la reducci\u00f3n de emisiones de gases efecto invernadero (GEI) al usar biocombustibles.\" \/>\n<meta name=\"robots\" content=\"index, follow, max-snippet:-1, max-image-preview:large, max-video-preview:-1\" \/>\n<link rel=\"canonical\" href=\"https:\/\/fedebiocombustibles.com\/en\/como-aportas-a-la-mitigacion-del-cambio-climatico-con-el-uso-de-biocombustibles\/\" \/>\n<meta property=\"og:locale\" content=\"en_US\" \/>\n<meta property=\"og:type\" content=\"article\" \/>\n<meta property=\"og:title\" content=\"Como aportas a la mitigaci\u00f3n del cambio clim\u00e1tico con el uso de biocombustibles\" \/>\n<meta property=\"og:description\" content=\"Los transportadores, usuarios de veh\u00edculos y motocicletas cuentan con una herramienta que ayuda conocer cu\u00e1l su aporte a la reducci\u00f3n de emisiones de gases efecto invernadero (GEI) al usar biocombustibles.\" \/>\n<meta property=\"og:url\" content=\"https:\/\/fedebiocombustibles.com\/en\/como-aportas-a-la-mitigacion-del-cambio-climatico-con-el-uso-de-biocombustibles\/\" \/>\n<meta property=\"og:site_name\" content=\"Federaci\u00f3n Nacional de Biocombustibles\" \/>\n<meta property=\"article:published_time\" content=\"2023-08-28T10:30:40+00:00\" \/>\n<meta property=\"article:modified_time\" content=\"2024-09-18T15:41:00+00:00\" \/>\n<meta property=\"og:image\" content=\"https:\/\/fedebiocombustibles.com\/wp-content\/uploads\/2023\/09\/Calculadora-ambiental.jpeg\" \/>\n\t<meta property=\"og:image:width\" content=\"1084\" \/>\n\t<meta property=\"og:image:height\" content=\"883\" \/>\n\t<meta property=\"og:image:type\" content=\"image\/jpeg\" \/>\n<meta name=\"author\" content=\"MD-Fedebio\" \/>\n<meta name=\"twitter:card\" content=\"summary_large_image\" \/>\n<meta name=\"twitter:label1\" content=\"Written by\" \/>\n\t<meta name=\"twitter:data1\" content=\"MD-Fedebio\" \/>\n\t<meta name=\"twitter:label2\" content=\"Est. reading time\" \/>\n\t<meta name=\"twitter:data2\" content=\"3 minutes\" \/>\n<script type=\"application\/ld+json\" class=\"yoast-schema-graph\">{\"@context\":\"https:\\\/\\\/schema.org\",\"@graph\":[{\"@type\":\"Article\",\"@id\":\"https:\\\/\\\/fedebiocombustibles.com\\\/como-aportas-a-la-mitigacion-del-cambio-climatico-con-el-uso-de-biocombustibles\\\/#article\",\"isPartOf\":{\"@id\":\"https:\\\/\\\/fedebiocombustibles.com\\\/como-aportas-a-la-mitigacion-del-cambio-climatico-con-el-uso-de-biocombustibles\\\/\"},\"author\":{\"name\":\"MD-Fedebio\",\"@id\":\"https:\\\/\\\/fedebiocombustibles.com\\\/#\\\/schema\\\/person\\\/77df2713a53f1ecd515b1a69f25fcf1d\"},\"headline\":\"Como aportas a la mitigaci\u00f3n del cambio clim\u00e1tico con el uso de biocombustibles\",\"datePublished\":\"2023-08-28T10:30:40+00:00\",\"dateModified\":\"2024-09-18T15:41:00+00:00\",\"mainEntityOfPage\":{\"@id\":\"https:\\\/\\\/fedebiocombustibles.com\\\/como-aportas-a-la-mitigacion-del-cambio-climatico-con-el-uso-de-biocombustibles\\\/\"},\"wordCount\":709,\"image\":{\"@id\":\"https:\\\/\\\/fedebiocombustibles.com\\\/como-aportas-a-la-mitigacion-del-cambio-climatico-con-el-uso-de-biocombustibles\\\/#primaryimage\"},\"thumbnailUrl\":\"https:\\\/\\\/fedebiocombustibles.com\\\/wp-content\\\/uploads\\\/2023\\\/09\\\/Calculadora-ambiental.jpeg\",\"articleSection\":[\"Comunicados\"],\"inLanguage\":\"en-US\"},{\"@type\":\"WebPage\",\"@id\":\"https:\\\/\\\/fedebiocombustibles.com\\\/como-aportas-a-la-mitigacion-del-cambio-climatico-con-el-uso-de-biocombustibles\\\/\",\"url\":\"https:\\\/\\\/fedebiocombustibles.com\\\/como-aportas-a-la-mitigacion-del-cambio-climatico-con-el-uso-de-biocombustibles\\\/\",\"name\":\"Como aportas a la mitigaci\u00f3n del cambio clim\u00e1tico con el uso de biocombustibles\",\"isPartOf\":{\"@id\":\"https:\\\/\\\/fedebiocombustibles.com\\\/#website\"},\"primaryImageOfPage\":{\"@id\":\"https:\\\/\\\/fedebiocombustibles.com\\\/como-aportas-a-la-mitigacion-del-cambio-climatico-con-el-uso-de-biocombustibles\\\/#primaryimage\"},\"image\":{\"@id\":\"https:\\\/\\\/fedebiocombustibles.com\\\/como-aportas-a-la-mitigacion-del-cambio-climatico-con-el-uso-de-biocombustibles\\\/#primaryimage\"},\"thumbnailUrl\":\"https:\\\/\\\/fedebiocombustibles.com\\\/wp-content\\\/uploads\\\/2023\\\/09\\\/Calculadora-ambiental.jpeg\",\"datePublished\":\"2023-08-28T10:30:40+00:00\",\"dateModified\":\"2024-09-18T15:41:00+00:00\",\"author\":{\"@id\":\"https:\\\/\\\/fedebiocombustibles.com\\\/#\\\/schema\\\/person\\\/77df2713a53f1ecd515b1a69f25fcf1d\"},\"description\":\"Los transportadores, usuarios de veh\u00edculos y motocicletas cuentan con una herramienta que ayuda conocer cu\u00e1l su aporte a la reducci\u00f3n de emisiones de gases efecto invernadero (GEI) al usar biocombustibles.\",\"breadcrumb\":{\"@id\":\"https:\\\/\\\/fedebiocombustibles.com\\\/como-aportas-a-la-mitigacion-del-cambio-climatico-con-el-uso-de-biocombustibles\\\/#breadcrumb\"},\"inLanguage\":\"en-US\",\"potentialAction\":[{\"@type\":\"ReadAction\",\"target\":[\"https:\\\/\\\/fedebiocombustibles.com\\\/como-aportas-a-la-mitigacion-del-cambio-climatico-con-el-uso-de-biocombustibles\\\/\"]}]},{\"@type\":\"ImageObject\",\"inLanguage\":\"en-US\",\"@id\":\"https:\\\/\\\/fedebiocombustibles.com\\\/como-aportas-a-la-mitigacion-del-cambio-climatico-con-el-uso-de-biocombustibles\\\/#primaryimage\",\"url\":\"https:\\\/\\\/fedebiocombustibles.com\\\/wp-content\\\/uploads\\\/2023\\\/09\\\/Calculadora-ambiental.jpeg\",\"contentUrl\":\"https:\\\/\\\/fedebiocombustibles.com\\\/wp-content\\\/uploads\\\/2023\\\/09\\\/Calculadora-ambiental.jpeg\",\"width\":1084,\"height\":883},{\"@type\":\"BreadcrumbList\",\"@id\":\"https:\\\/\\\/fedebiocombustibles.com\\\/como-aportas-a-la-mitigacion-del-cambio-climatico-con-el-uso-de-biocombustibles\\\/#breadcrumb\",\"itemListElement\":[{\"@type\":\"ListItem\",\"position\":1,\"name\":\"Portada\",\"item\":\"https:\\\/\\\/fedebiocombustibles.com\\\/\"},{\"@type\":\"ListItem\",\"position\":2,\"name\":\"Como aportas a la mitigaci\u00f3n del cambio clim\u00e1tico con el uso de biocombustibles\"}]},{\"@type\":\"WebSite\",\"@id\":\"https:\\\/\\\/fedebiocombustibles.com\\\/#website\",\"url\":\"https:\\\/\\\/fedebiocombustibles.com\\\/\",\"name\":\"Federaci\u00f3n Nacional de Biocombustibles\",\"description\":\"Colombia\",\"potentialAction\":[{\"@type\":\"SearchAction\",\"target\":{\"@type\":\"EntryPoint\",\"urlTemplate\":\"https:\\\/\\\/fedebiocombustibles.com\\\/?s={search_term_string}\"},\"query-input\":{\"@type\":\"PropertyValueSpecification\",\"valueRequired\":true,\"valueName\":\"search_term_string\"}}],\"inLanguage\":\"en-US\"},{\"@type\":\"Person\",\"@id\":\"https:\\\/\\\/fedebiocombustibles.com\\\/#\\\/schema\\\/person\\\/77df2713a53f1ecd515b1a69f25fcf1d\",\"name\":\"MD-Fedebio\",\"image\":{\"@type\":\"ImageObject\",\"inLanguage\":\"en-US\",\"@id\":\"https:\\\/\\\/fedebiocombustibles.com\\\/wp-content\\\/litespeed\\\/avatar\\\/18a51d442641b2db9eceb84b538662f6.jpg?ver=1776819910\",\"url\":\"https:\\\/\\\/fedebiocombustibles.com\\\/wp-content\\\/litespeed\\\/avatar\\\/18a51d442641b2db9eceb84b538662f6.jpg?ver=1776819910\",\"contentUrl\":\"https:\\\/\\\/fedebiocombustibles.com\\\/wp-content\\\/litespeed\\\/avatar\\\/18a51d442641b2db9eceb84b538662f6.jpg?ver=1776819910\",\"caption\":\"MD-Fedebio\"},\"sameAs\":[\"https:\\\/\\\/fedebiocombustibles.com\"],\"url\":\"https:\\\/\\\/fedebiocombustibles.com\\\/en\\\/author\\\/md-fedebio\\\/\"}]}<\/script>\n<!-- \/ Yoast SEO plugin. -->","yoast_head_json":{"title":"Como aportas a la mitigaci\u00f3n del cambio clim\u00e1tico con el uso de biocombustibles","description":"Los transportadores, usuarios de veh\u00edculos y motocicletas cuentan con una herramienta que ayuda conocer cu\u00e1l su aporte a la reducci\u00f3n de emisiones de gases efecto invernadero (GEI) al usar biocombustibles.","robots":{"index":"index","follow":"follow","max-snippet":"max-snippet:-1","max-image-preview":"max-image-preview:large","max-video-preview":"max-video-preview:-1"},"canonical":"https:\/\/fedebiocombustibles.com\/en\/como-aportas-a-la-mitigacion-del-cambio-climatico-con-el-uso-de-biocombustibles\/","og_locale":"en_US","og_type":"article","og_title":"Como aportas a la mitigaci\u00f3n del cambio clim\u00e1tico con el uso de biocombustibles","og_description":"Los transportadores, usuarios de veh\u00edculos y motocicletas cuentan con una herramienta que ayuda conocer cu\u00e1l su aporte a la reducci\u00f3n de emisiones de gases efecto invernadero (GEI) al usar biocombustibles.","og_url":"https:\/\/fedebiocombustibles.com\/en\/como-aportas-a-la-mitigacion-del-cambio-climatico-con-el-uso-de-biocombustibles\/","og_site_name":"Federaci\u00f3n Nacional de Biocombustibles","article_published_time":"2023-08-28T10:30:40+00:00","article_modified_time":"2024-09-18T15:41:00+00:00","og_image":[{"width":1084,"height":883,"url":"https:\/\/fedebiocombustibles.com\/wp-content\/uploads\/2023\/09\/Calculadora-ambiental.jpeg","type":"image\/jpeg"}],"author":"MD-Fedebio","twitter_card":"summary_large_image","twitter_misc":{"Written by":"MD-Fedebio","Est. reading time":"3 minutes"},"schema":{"@context":"https:\/\/schema.org","@graph":[{"@type":"Article","@id":"https:\/\/fedebiocombustibles.com\/como-aportas-a-la-mitigacion-del-cambio-climatico-con-el-uso-de-biocombustibles\/#article","isPartOf":{"@id":"https:\/\/fedebiocombustibles.com\/como-aportas-a-la-mitigacion-del-cambio-climatico-con-el-uso-de-biocombustibles\/"},"author":{"name":"MD-Fedebio","@id":"https:\/\/fedebiocombustibles.com\/#\/schema\/person\/77df2713a53f1ecd515b1a69f25fcf1d"},"headline":"Como aportas a la mitigaci\u00f3n del cambio clim\u00e1tico con el uso de biocombustibles","datePublished":"2023-08-28T10:30:40+00:00","dateModified":"2024-09-18T15:41:00+00:00","mainEntityOfPage":{"@id":"https:\/\/fedebiocombustibles.com\/como-aportas-a-la-mitigacion-del-cambio-climatico-con-el-uso-de-biocombustibles\/"},"wordCount":709,"image":{"@id":"https:\/\/fedebiocombustibles.com\/como-aportas-a-la-mitigacion-del-cambio-climatico-con-el-uso-de-biocombustibles\/#primaryimage"},"thumbnailUrl":"https:\/\/fedebiocombustibles.com\/wp-content\/uploads\/2023\/09\/Calculadora-ambiental.jpeg","articleSection":["Comunicados"],"inLanguage":"en-US"},{"@type":"WebPage","@id":"https:\/\/fedebiocombustibles.com\/como-aportas-a-la-mitigacion-del-cambio-climatico-con-el-uso-de-biocombustibles\/","url":"https:\/\/fedebiocombustibles.com\/como-aportas-a-la-mitigacion-del-cambio-climatico-con-el-uso-de-biocombustibles\/","name":"Como aportas a la mitigaci\u00f3n del cambio clim\u00e1tico con el uso de biocombustibles","isPartOf":{"@id":"https:\/\/fedebiocombustibles.com\/#website"},"primaryImageOfPage":{"@id":"https:\/\/fedebiocombustibles.com\/como-aportas-a-la-mitigacion-del-cambio-climatico-con-el-uso-de-biocombustibles\/#primaryimage"},"image":{"@id":"https:\/\/fedebiocombustibles.com\/como-aportas-a-la-mitigacion-del-cambio-climatico-con-el-uso-de-biocombustibles\/#primaryimage"},"thumbnailUrl":"https:\/\/fedebiocombustibles.com\/wp-content\/uploads\/2023\/09\/Calculadora-ambiental.jpeg","datePublished":"2023-08-28T10:30:40+00:00","dateModified":"2024-09-18T15:41:00+00:00","author":{"@id":"https:\/\/fedebiocombustibles.com\/#\/schema\/person\/77df2713a53f1ecd515b1a69f25fcf1d"},"description":"Los transportadores, usuarios de veh\u00edculos y motocicletas cuentan con una herramienta que ayuda conocer cu\u00e1l su aporte a la reducci\u00f3n de emisiones de gases efecto invernadero (GEI) al usar biocombustibles.","breadcrumb":{"@id":"https:\/\/fedebiocombustibles.com\/como-aportas-a-la-mitigacion-del-cambio-climatico-con-el-uso-de-biocombustibles\/#breadcrumb"},"inLanguage":"en-US","potentialAction":[{"@type":"ReadAction","target":["https:\/\/fedebiocombustibles.com\/como-aportas-a-la-mitigacion-del-cambio-climatico-con-el-uso-de-biocombustibles\/"]}]},{"@type":"ImageObject","inLanguage":"en-US","@id":"https:\/\/fedebiocombustibles.com\/como-aportas-a-la-mitigacion-del-cambio-climatico-con-el-uso-de-biocombustibles\/#primaryimage","url":"https:\/\/fedebiocombustibles.com\/wp-content\/uploads\/2023\/09\/Calculadora-ambiental.jpeg","contentUrl":"https:\/\/fedebiocombustibles.com\/wp-content\/uploads\/2023\/09\/Calculadora-ambiental.jpeg","width":1084,"height":883},{"@type":"BreadcrumbList","@id":"https:\/\/fedebiocombustibles.com\/como-aportas-a-la-mitigacion-del-cambio-climatico-con-el-uso-de-biocombustibles\/#breadcrumb","itemListElement":[{"@type":"ListItem","position":1,"name":"Portada","item":"https:\/\/fedebiocombustibles.com\/"},{"@type":"ListItem","position":2,"name":"Como aportas a la mitigaci\u00f3n del cambio clim\u00e1tico con el uso de biocombustibles"}]},{"@type":"WebSite","@id":"https:\/\/fedebiocombustibles.com\/#website","url":"https:\/\/fedebiocombustibles.com\/","name":"Federaci\u00f3n Nacional de Biocombustibles","description":"Colombia","potentialAction":[{"@type":"SearchAction","target":{"@type":"EntryPoint","urlTemplate":"https:\/\/fedebiocombustibles.com\/?s={search_term_string}"},"query-input":{"@type":"PropertyValueSpecification","valueRequired":true,"valueName":"search_term_string"}}],"inLanguage":"en-US"},{"@type":"Person","@id":"https:\/\/fedebiocombustibles.com\/#\/schema\/person\/77df2713a53f1ecd515b1a69f25fcf1d","name":"MD-Fedebio","image":{"@type":"ImageObject","inLanguage":"en-US","@id":"https:\/\/fedebiocombustibles.com\/wp-content\/litespeed\/avatar\/18a51d442641b2db9eceb84b538662f6.jpg?ver=1776819910","url":"https:\/\/fedebiocombustibles.com\/wp-content\/litespeed\/avatar\/18a51d442641b2db9eceb84b538662f6.jpg?ver=1776819910","contentUrl":"https:\/\/fedebiocombustibles.com\/wp-content\/litespeed\/avatar\/18a51d442641b2db9eceb84b538662f6.jpg?ver=1776819910","caption":"MD-Fedebio"},"sameAs":["https:\/\/fedebiocombustibles.com"],"url":"https:\/\/fedebiocombustibles.com\/en\/author\/md-fedebio\/"}]}},"_links":{"self":[{"href":"https:\/\/fedebiocombustibles.com\/en\/wp-json\/wp\/v2\/posts\/6170","targetHints":{"allow":["GET"]}}],"collection":[{"href":"https:\/\/fedebiocombustibles.com\/en\/wp-json\/wp\/v2\/posts"}],"about":[{"href":"https:\/\/fedebiocombustibles.com\/en\/wp-json\/wp\/v2\/types\/post"}],"author":[{"embeddable":true,"href":"https:\/\/fedebiocombustibles.com\/en\/wp-json\/wp\/v2\/users\/1"}],"replies":[{"embeddable":true,"href":"https:\/\/fedebiocombustibles.com\/en\/wp-json\/wp\/v2\/comments?post=6170"}],"version-history":[{"count":14,"href":"https:\/\/fedebiocombustibles.com\/en\/wp-json\/wp\/v2\/posts\/6170\/revisions"}],"predecessor-version":[{"id":6279,"href":"https:\/\/fedebiocombustibles.com\/en\/wp-json\/wp\/v2\/posts\/6170\/revisions\/6279"}],"wp:featuredmedia":[{"embeddable":true,"href":"https:\/\/fedebiocombustibles.com\/en\/wp-json\/wp\/v2\/media\/6171"}],"wp:attachment":[{"href":"https:\/\/fedebiocombustibles.com\/en\/wp-json\/wp\/v2\/media?parent=6170"}],"wp:term":[{"taxonomy":"category","embeddable":true,"href":"https:\/\/fedebiocombustibles.com\/en\/wp-json\/wp\/v2\/categories?post=6170"},{"taxonomy":"post_tag","embeddable":true,"href":"https:\/\/fedebiocombustibles.com\/en\/wp-json\/wp\/v2\/tags?post=6170"}],"curies":[{"name":"wp","href":"https:\/\/api.w.org\/{rel}","templated":true}]}}