{"id":5076,"date":"2023-03-21T14:07:16","date_gmt":"2023-03-21T14:07:16","guid":{"rendered":"https:\/\/fedebiocombustibles.com\/?p=5076"},"modified":"2024-09-18T10:41:17","modified_gmt":"2024-09-18T15:41:17","slug":"unete-a-la-conversacion-mas-importante-para-la-transicion-energetica-de-colombia","status":"publish","type":"post","link":"https:\/\/fedebiocombustibles.com\/en\/unete-a-la-conversacion-mas-importante-para-la-transicion-energetica-de-colombia\/","title":{"rendered":"\u00danete a la conversaci\u00f3n m\u00e1s importante para la transici\u00f3n energ\u00e9tica de Colombia"},"content":{"rendered":"<div data-elementor-type=\"wp-post\" data-elementor-id=\"5076\" class=\"elementor elementor-5076\" data-elementor-post-type=\"post\">\n\t\t\t\t\t\t<section class=\"elementor-section elementor-top-section elementor-element elementor-element-9e47138 elementor-section-full_width elementor-section-height-default elementor-section-height-default\" data-id=\"9e47138\" data-element_type=\"section\" data-e-type=\"section\">\n\t\t\t\t\t\t<div class=\"elementor-container elementor-column-gap-default\">\n\t\t\t\t\t<div class=\"elementor-column elementor-col-20 elementor-top-column elementor-element elementor-element-654a235\" data-id=\"654a235\" data-element_type=\"column\" data-e-type=\"column\">\n\t\t\t<div class=\"elementor-widget-wrap\">\n\t\t\t\t\t\t\t<\/div>\n\t\t<\/div>\n\t\t\t\t<div class=\"elementor-column elementor-col-20 elementor-top-column elementor-element elementor-element-7ddd890\" data-id=\"7ddd890\" data-element_type=\"column\" data-e-type=\"column\">\n\t\t\t<div class=\"elementor-widget-wrap elementor-element-populated\">\n\t\t\t\t\t\t<div class=\"elementor-element elementor-element-ea0949e elementor-widget elementor-widget-heading\" data-id=\"ea0949e\" data-element_type=\"widget\" data-e-type=\"widget\" data-widget_type=\"heading.default\">\n\t\t\t\t<div class=\"elementor-widget-container\">\n\t\t\t\t\t<h1 class=\"elementor-heading-title elementor-size-default\">Biocombustibles, acelerando la transici\u00f3n energ\u00e9tica del pa\u00eds<\/h1>\t\t\t\t<\/div>\n\t\t\t\t<\/div>\n\t\t\t\t<div class=\"elementor-element elementor-element-0fcde49 elementor-widget elementor-widget-video\" data-id=\"0fcde49\" data-element_type=\"widget\" data-e-type=\"widget\" data-settings=\"{&quot;youtube_url&quot;:&quot;https:\\\/\\\/youtu.be\\\/moRpB4xtGUU&quot;,&quot;autoplay&quot;:&quot;yes&quot;,&quot;mute&quot;:&quot;yes&quot;,&quot;loop&quot;:&quot;yes&quot;,&quot;video_type&quot;:&quot;youtube&quot;,&quot;controls&quot;:&quot;yes&quot;}\" data-widget_type=\"video.default\">\n\t\t\t\t<div class=\"elementor-widget-container\">\n\t\t\t\t\t\t\t<div class=\"elementor-wrapper elementor-open-inline\">\n\t\t\t<div class=\"elementor-video\"><\/div>\t\t<\/div>\n\t\t\t\t\t\t<\/div>\n\t\t\t\t<\/div>\n\t\t\t\t<div class=\"elementor-element elementor-element-3d27be0 elementor-widget elementor-widget-text-editor\" data-id=\"3d27be0\" data-element_type=\"widget\" data-e-type=\"widget\" data-widget_type=\"text-editor.default\">\n\t\t\t\t<div class=\"elementor-widget-container\">\n\t\t\t\t\t\t\t\t\t<p><em>Conoce nuestros ejes tem\u00e1ticos y conferencistas de nuestra IV Conferencia Internacional de Biocombustibles.<\/em><\/p><p>Mas informaci\u00f3n <a href=\"https:\/\/conferenciabiocombustibles.com\/\"><span style=\"text-decoration: underline;\">aqui&#8230;<\/span><\/a><\/p>\t\t\t\t\t\t\t\t<\/div>\n\t\t\t\t<\/div>\n\t\t\t\t\t<\/div>\n\t\t<\/div>\n\t\t\t\t<div class=\"elementor-column elementor-col-20 elementor-top-column elementor-element elementor-element-5b0e2f3\" data-id=\"5b0e2f3\" data-element_type=\"column\" data-e-type=\"column\">\n\t\t\t<div class=\"elementor-widget-wrap\">\n\t\t\t\t\t\t\t<\/div>\n\t\t<\/div>\n\t\t\t\t<div class=\"elementor-column elementor-col-20 elementor-top-column elementor-element elementor-element-4fa93ab\" data-id=\"4fa93ab\" data-element_type=\"column\" data-e-type=\"column\">\n\t\t\t<div class=\"elementor-widget-wrap elementor-element-populated\">\n\t\t\t\t\t\t<section class=\"elementor-section elementor-inner-section elementor-element elementor-element-08d5a03 elementor-section-full_width elementor-section-height-default elementor-section-height-default\" data-id=\"08d5a03\" data-element_type=\"section\" data-e-type=\"section\">\n\t\t\t\t\t\t<div class=\"elementor-container elementor-column-gap-default\">\n\t\t\t\t\t<div class=\"elementor-column elementor-col-100 elementor-inner-column elementor-element elementor-element-1cbee2b\" data-id=\"1cbee2b\" data-element_type=\"column\" data-e-type=\"column\" data-settings=\"{&quot;background_background&quot;:&quot;classic&quot;}\">\n\t\t\t<div class=\"elementor-widget-wrap elementor-element-populated\">\n\t\t\t\t\t\t<div class=\"elementor-element elementor-element-e1f8dfe elementor-widget elementor-widget-heading\" data-id=\"e1f8dfe\" data-element_type=\"widget\" data-e-type=\"widget\" data-widget_type=\"heading.default\">\n\t\t\t\t<div class=\"elementor-widget-container\">\n\t\t\t\t\t<h2 class=\"elementor-heading-title elementor-size-default\">Boletines informativos<\/h2>\t\t\t\t<\/div>\n\t\t\t\t<\/div>\n\t\t\t\t<div class=\"elementor-element elementor-element-773b651 elementor-widget-divider--view-line elementor-widget elementor-widget-divider\" data-id=\"773b651\" data-element_type=\"widget\" data-e-type=\"widget\" data-widget_type=\"divider.default\">\n\t\t\t\t<div class=\"elementor-widget-container\">\n\t\t\t\t\t\t\t<div class=\"elementor-divider\">\n\t\t\t<span class=\"elementor-divider-separator\">\n\t\t\t\t\t\t<\/span>\n\t\t<\/div>\n\t\t\t\t\t\t<\/div>\n\t\t\t\t<\/div>\n\t\t\t\t<div class=\"elementor-element elementor-element-b9f30c5 elementor-widget elementor-widget-text-editor\" data-id=\"b9f30c5\" data-element_type=\"widget\" data-e-type=\"widget\" data-widget_type=\"text-editor.default\">\n\t\t\t\t<div class=\"elementor-widget-container\">\n\t\t\t\t\t\t\t\t\t<p>Registra tus datos para recibir actualizaciones de nuestro bolet\u00edn<\/p>\t\t\t\t\t\t\t\t<\/div>\n\t\t\t\t<\/div>\n\t\t\t\t<div class=\"elementor-element elementor-element-9016f4b eael-contact-form-7-button-full-width elementor-widget elementor-widget-eael-contact-form-7\" data-id=\"9016f4b\" data-element_type=\"widget\" data-e-type=\"widget\" data-widget_type=\"eael-contact-form-7.default\">\n\t\t\t\t<div class=\"elementor-widget-container\">\n\t\t\t\t\t<div class=\"eael-contact-form-7-wrapper\">\n                <div class=\"eael-contact-form eael-contact-form-7 eael-contact-form-9016f4b placeholder-show eael-contact-form-align-center\">\n<div class=\"wpcf7 no-js\" id=\"wpcf7-f1047-o1\" lang=\"es-ES\" dir=\"ltr\" data-wpcf7-id=\"1047\">\n<div class=\"screen-reader-response\"><p role=\"status\" aria-live=\"polite\" aria-atomic=\"true\"><\/p> <ul><\/ul><\/div>\n<form action=\"\/en\/wp-json\/wp\/v2\/posts\/5076#wpcf7-f1047-o1\" method=\"post\" class=\"wpcf7-form init\" aria-label=\"Formulario de contacto\" novalidate=\"novalidate\" data-status=\"init\" data-trp-original-action=\"\/en\/wp-json\/wp\/v2\/posts\/5076#wpcf7-f1047-o1\">\n<fieldset class=\"hidden-fields-container\"><input type=\"hidden\" name=\"_wpcf7\" value=\"1047\" \/><input type=\"hidden\" name=\"_wpcf7_version\" value=\"6.1.5\" \/><input type=\"hidden\" name=\"_wpcf7_locale\" value=\"es_ES\" \/><input type=\"hidden\" name=\"_wpcf7_unit_tag\" value=\"wpcf7-f1047-o1\" \/><input type=\"hidden\" name=\"_wpcf7_container_post\" value=\"0\" \/><input type=\"hidden\" name=\"_wpcf7_posted_data_hash\" value=\"\" \/><input type=\"hidden\" name=\"_wpcf7_recaptcha_response\" value=\"\" \/>\n<\/fieldset>\n<h5 style=\"color: #000000; text-align:center;\">Registra tus datos para recibir actualizaciones de nuestro bolet\u00edn\n<\/h5>\n<p><span class=\"wpcf7-form-control-wrap\" data-name=\"nombres\"><input size=\"40\" maxlength=\"400\" class=\"wpcf7-form-control wpcf7-text wpcf7-validates-as-required\" aria-required=\"true\" aria-invalid=\"false\" placeholder=\"Nombre\" value=\"\" type=\"text\" name=\"nombres\" \/><\/span><br \/>\n<span class=\"wpcf7-form-control-wrap\" data-name=\"email-621\"><input size=\"40\" maxlength=\"400\" class=\"wpcf7-form-control wpcf7-email wpcf7-validates-as-required wpcf7-text wpcf7-validates-as-email\" aria-required=\"true\" aria-invalid=\"false\" placeholder=\"Correo electr\u00f3nico\" value=\"\" type=\"email\" name=\"email-621\" \/><\/span>\n<\/p>\n<h6 style=\"color: #000000; text-align:center;\"> Al suscribirse autoriza el tratamiento de sus datos personales que puede consultar en el <a href=\"https:\/\/fedebiocombustibles.com\/wp-content\/uploads\/2022\/10\/DA-MNL-005-MANUAL-DE-POLITICA-DE-TRATAMIENTO-DE-DATOS-PERSONALES-V2.pdf\"> manual de politicas de tratamiento de datos personales <\/a>\n<\/h6>\n<p><input class=\"wpcf7-form-control wpcf7-submit has-spinner\" type=\"submit\" value=\"Suscr\u00edbete\" \/>\n<\/p><div class=\"wpcf7-response-output\" aria-hidden=\"true\"><\/div>\n<input type=\"hidden\" name=\"trp-form-language\" value=\"en\"\/><\/form>\n<\/div>\n<\/div>\n            <\/div>\t\t\t\t<\/div>\n\t\t\t\t<\/div>\n\t\t\t\t\t<\/div>\n\t\t<\/div>\n\t\t\t\t\t<\/div>\n\t\t<\/section>\n\t\t\t\t<div class=\"elementor-element elementor-element-6d37788 elementor-widget elementor-widget-heading\" data-id=\"6d37788\" data-element_type=\"widget\" data-e-type=\"widget\" data-widget_type=\"heading.default\">\n\t\t\t\t<div class=\"elementor-widget-container\">\n\t\t\t\t\t<h2 class=\"elementor-heading-title elementor-size-default\">\u00daltimos Posts<\/h2>\t\t\t\t<\/div>\n\t\t\t\t<\/div>\n\t\t\t\t<div class=\"elementor-element elementor-element-df0d9c4 elementor-widget-divider--view-line elementor-widget elementor-widget-divider\" data-id=\"df0d9c4\" data-element_type=\"widget\" data-e-type=\"widget\" data-widget_type=\"divider.default\">\n\t\t\t\t<div class=\"elementor-widget-container\">\n\t\t\t\t\t\t\t<div class=\"elementor-divider\">\n\t\t\t<span class=\"elementor-divider-separator\">\n\t\t\t\t\t\t<\/span>\n\t\t<\/div>\n\t\t\t\t\t\t<\/div>\n\t\t\t\t<\/div>\n\t\t\t\t<div class=\"elementor-element elementor-element-c6aa804 elementor-grid-eael-col-1 e-transform elementor-grid-tablet-eael-col-1 elementor-grid-mobile-eael-col-1 elementor-widget elementor-widget-eael-post-grid\" data-id=\"c6aa804\" data-element_type=\"widget\" data-e-type=\"widget\" data-settings=\"{&quot;eael_post_grid_columns&quot;:&quot;eael-col-1&quot;,&quot;eael_post_grid_columns_tablet&quot;:&quot;eael-col-1&quot;,&quot;eael_post_grid_columns_mobile&quot;:&quot;eael-col-1&quot;,&quot;_transform_translateX_effect_hover&quot;:{&quot;unit&quot;:&quot;px&quot;,&quot;size&quot;:&quot;&quot;,&quot;sizes&quot;:[]},&quot;_transform_translateX_effect_hover_tablet&quot;:{&quot;unit&quot;:&quot;px&quot;,&quot;size&quot;:&quot;&quot;,&quot;sizes&quot;:[]},&quot;_transform_translateX_effect_hover_mobile&quot;:{&quot;unit&quot;:&quot;px&quot;,&quot;size&quot;:&quot;&quot;,&quot;sizes&quot;:[]},&quot;_transform_translateY_effect_hover&quot;:{&quot;unit&quot;:&quot;px&quot;,&quot;size&quot;:&quot;&quot;,&quot;sizes&quot;:[]},&quot;_transform_translateY_effect_hover_tablet&quot;:{&quot;unit&quot;:&quot;px&quot;,&quot;size&quot;:&quot;&quot;,&quot;sizes&quot;:[]},&quot;_transform_translateY_effect_hover_mobile&quot;:{&quot;unit&quot;:&quot;px&quot;,&quot;size&quot;:&quot;&quot;,&quot;sizes&quot;:[]}}\" data-widget_type=\"eael-post-grid.default\">\n\t\t\t\t<div class=\"elementor-widget-container\">\n\t\t\t\t\t<div id=\"eael-post-grid-c6aa804\" class=\"eael-post-grid-container\">\n            <div class=\"eael-post-grid eael-post-appender eael-post-appender-c6aa804 eael-post-grid-style-two\" data-layout-mode=\"grid\"><article class=\"eael-grid-post  eael-post-grid-column eael-pg-post-12194 category-comunicados\" data-id=\"12194\">\n    <div class=\"eael-grid-post-holder\">\n        <div class=\"eael-grid-post-holder-inner\"><div class=\"eael-entry-media\"><div class=\"eael-entry-overlay slide-up\"><i class=\"fas fa-angle-right\" aria-hidden=\"true\"><\/i><a href=\"https:\/\/fedebiocombustibles.com\/en\/cambio-en-la-presidencia-de-la-federacion-nacional-de-biocombustibles-de-colombia\/\"><\/a><\/div><div class=\"eael-entry-thumbnail\">\n                            <img fetchpriority=\"high\" decoding=\"async\" width=\"370\" height=\"208\" src=\"https:\/\/fedebiocombustibles.com\/wp-content\/uploads\/2025\/11\/Carlos-Mateus-2-scaled.png\" class=\"attachment-contentberg-grid size-contentberg-grid wp-image-12196\" alt=\"\" srcset=\"https:\/\/fedebiocombustibles.com\/wp-content\/uploads\/2025\/11\/Carlos-Mateus-2-scaled.png 2560w, https:\/\/fedebiocombustibles.com\/wp-content\/uploads\/2025\/11\/Carlos-Mateus-2-300x169.png 300w, https:\/\/fedebiocombustibles.com\/wp-content\/uploads\/2025\/11\/Carlos-Mateus-2-1024x576.png 1024w, https:\/\/fedebiocombustibles.com\/wp-content\/uploads\/2025\/11\/Carlos-Mateus-2-768x432.png 768w, https:\/\/fedebiocombustibles.com\/wp-content\/uploads\/2025\/11\/Carlos-Mateus-2-1536x864.png 1536w\" sizes=\"(max-width: 370px) 100vw, 370px\" \/>\n                            <\/div>\n                    <\/div><div class=\"eael-entry-wrapper\"><header class=\"eael-entry-header\"><h2 class=\"eael-entry-title\"><a class=\"eael-grid-post-link\" href=\"https:\/\/fedebiocombustibles.com\/en\/cambio-en-la-presidencia-de-la-federacion-nacional-de-biocombustibles-de-colombia\/\" title=\"Cambio en la Presidencia de la Federaci\u00f3n Nacional de Biocombustibles de Colombia\">Cambio en la Presidencia de la Federaci\u00f3n Nacional de Biocombustibles de Colombia<\/a><\/h2><\/header><div class=\"eael-entry-content\">\n                                <div class=\"eael-grid-post-excerpt\"><p>Durante la V Conferencia Internacional de Biocombustibles, se present\u00f3 el Corolla...<\/p><a href=\"https:\/\/fedebiocombustibles.com\/en\/cambio-en-la-presidencia-de-la-federacion-nacional-de-biocombustibles-de-colombia\/\" class=\"eael-post-elements-readmore-btn\">Leer m\u00e1s<\/a><\/div>\n                            <\/div><\/div><\/div>\n    <\/div>\n<\/article><article class=\"eael-grid-post  eael-post-grid-column eael-pg-post-12020 category-comunicados\" data-id=\"12020\">\n    <div class=\"eael-grid-post-holder\">\n        <div class=\"eael-grid-post-holder-inner\"><div class=\"eael-entry-media\"><div class=\"eael-entry-overlay slide-up\"><i class=\"fas fa-angle-right\" aria-hidden=\"true\"><\/i><a href=\"https:\/\/fedebiocombustibles.com\/en\/colombia-da-el-primer-paso-para-la-produccion-de-combustible-sostenible-de-aviacion-saf\/\"><\/a><\/div><div class=\"eael-entry-thumbnail\">\n                            <img decoding=\"async\" width=\"370\" height=\"245\" src=\"https:\/\/fedebiocombustibles.com\/wp-content\/uploads\/2025\/05\/Asi-es-el-auto-hibrido-con-bioetanol-de-cana-100-colombiano-presentado-en-Santa-Marta-370x245.jpg\" class=\"attachment-contentberg-grid size-contentberg-grid wp-image-11901\" alt=\"As\u00ed es el auto h\u00edbrido con bioetanol de ca\u00f1a 100% colombiano presentado en Santa Marta\" srcset=\"https:\/\/fedebiocombustibles.com\/wp-content\/uploads\/2025\/05\/Asi-es-el-auto-hibrido-con-bioetanol-de-cana-100-colombiano-presentado-en-Santa-Marta-370x245.jpg 370w, https:\/\/fedebiocombustibles.com\/wp-content\/uploads\/2025\/05\/Asi-es-el-auto-hibrido-con-bioetanol-de-cana-100-colombiano-presentado-en-Santa-Marta-300x200.jpg 300w, https:\/\/fedebiocombustibles.com\/wp-content\/uploads\/2025\/05\/Asi-es-el-auto-hibrido-con-bioetanol-de-cana-100-colombiano-presentado-en-Santa-Marta-1024x682.jpg 1024w, https:\/\/fedebiocombustibles.com\/wp-content\/uploads\/2025\/05\/Asi-es-el-auto-hibrido-con-bioetanol-de-cana-100-colombiano-presentado-en-Santa-Marta-1536x1023.jpg 1536w, https:\/\/fedebiocombustibles.com\/wp-content\/uploads\/2025\/05\/Asi-es-el-auto-hibrido-con-bioetanol-de-cana-100-colombiano-presentado-en-Santa-Marta-18x12.jpg 18w, https:\/\/fedebiocombustibles.com\/wp-content\/uploads\/2025\/05\/Asi-es-el-auto-hibrido-con-bioetanol-de-cana-100-colombiano-presentado-en-Santa-Marta-270x180.jpg 270w\" sizes=\"(max-width: 370px) 100vw, 370px\" \/>\n                            <\/div>\n                    <\/div><div class=\"eael-entry-wrapper\"><header class=\"eael-entry-header\"><h2 class=\"eael-entry-title\"><a class=\"eael-grid-post-link\" href=\"https:\/\/fedebiocombustibles.com\/en\/colombia-da-el-primer-paso-para-la-produccion-de-combustible-sostenible-de-aviacion-saf\/\" title=\"Colombia da el primer paso para la producci\u00f3n de combustible sostenible de aviaci\u00f3n (SAF)\">Colombia da el primer paso para la producci\u00f3n de combustible sostenible de aviaci\u00f3n (SAF)<\/a><\/h2><\/header><div class=\"eael-entry-content\">\n                                <div class=\"eael-grid-post-excerpt\"><p>Durante la V Conferencia Internacional de Biocombustibles, se present\u00f3 el Corolla...<\/p><a href=\"https:\/\/fedebiocombustibles.com\/en\/colombia-da-el-primer-paso-para-la-produccion-de-combustible-sostenible-de-aviacion-saf\/\" class=\"eael-post-elements-readmore-btn\">Leer m\u00e1s<\/a><\/div>\n                            <\/div><\/div><\/div>\n    <\/div>\n<\/article><\/div>\n            <div class=\"clearfix\"><\/div>\n        <\/div>            <div class=\"eael-load-more-button-wrap eael-force-hide\">\n                <button class=\"eael-load-more-button\" id=\"eael-load-more-btn-c6aa804\" data-widget-id=\"c6aa804\" data-widget=\"c6aa804\" data-page-id=\"5076\" data-template=\"{&quot;dir&quot;:&quot;lite&quot;,&quot;file_name&quot;:&quot;two.php&quot;,&quot;name&quot;:&quot;Post-Grid&quot;}\" data-class=\"Essential_Addons_Elementor\\Elements\\Post_Grid\" data-layout=\"grid\" data-page=\"1\" data-args=\"orderby=date&amp;order=desc&amp;ignore_sticky_posts=1&amp;post_status=publish&amp;posts_per_page=2&amp;offset=0&amp;post_type=post&amp;tax_query%5B0%5D%5Btaxonomy%5D=category&amp;tax_query%5B0%5D%5Bfield%5D=term_id&amp;tax_query%5B0%5D%5Bterms%5D%5B0%5D=3&amp;tax_query%5B0%5D%5Bterms%5D%5B1%5D=2&amp;tax_query%5B0%5D%5Bterms%5D%5B2%5D=9&amp;tax_query%5Brelation%5D=AND\" data-max-page=\"44\">\n                    <span class=\"eael-btn-loader button__loader\"><\/span>\n                    <span class=\"eael_load_more_text\">Cargar m\u00e1s<\/span>\n                <\/button>\n            <\/div>\n            \t\t\t\t<\/div>\n\t\t\t\t<\/div>\n\t\t\t\t\t<\/div>\n\t\t<\/div>\n\t\t\t\t<div class=\"elementor-column elementor-col-20 elementor-top-column elementor-element elementor-element-b1627eb\" data-id=\"b1627eb\" data-element_type=\"column\" data-e-type=\"column\">\n\t\t\t<div class=\"elementor-widget-wrap\">\n\t\t\t\t\t\t\t<\/div>\n\t\t<\/div>\n\t\t\t\t\t<\/div>\n\t\t<\/section>\n\t\t\t\t<\/div>","protected":false},"excerpt":{"rendered":"<p>Biocombustibles, acelerando la transici\u00f3n energ\u00e9tica del pa\u00eds Conoce nuestros ejes tem\u00e1ticos y conferencistas de nuestra IV Conferencia Internacional de Biocombustibles. Mas informaci\u00f3n aqui&#8230; Boletines informativos Registra tus datos para recibir actualizaciones de nuestro bolet\u00edn \u00daltimos Posts Biocombustibles, acelerando la transici\u00f3n energ\u00e9tica del pa\u00eds Biocombustibles, acelerando la transici\u00f3n energ\u00e9tica del pa\u00eds Conozca c\u00f3mo los biocombustibles&#8230; Leer<\/p>","protected":false},"author":1,"featured_media":4207,"comment_status":"closed","ping_status":"open","sticky":false,"template":"elementor_canvas","format":"standard","meta":{"_monsterinsights_skip_tracking":false,"_monsterinsights_sitenote_active":false,"_monsterinsights_sitenote_note":"","_monsterinsights_sitenote_category":0,"footnotes":""},"categories":[9],"tags":[],"class_list":{"0":"post-5076","1":"post","2":"type-post","3":"status-publish","4":"format-standard","5":"has-post-thumbnail","7":"category-comunicados"},"yoast_head":"<!-- This site is optimized with the Yoast SEO plugin v27.4 - https:\/\/yoast.com\/product\/yoast-seo-wordpress\/ -->\n<title>\u00danete a la conversaci\u00f3n m\u00e1s importante para la transici\u00f3n energ\u00e9tica de Colombia - Federaci\u00f3n Nacional de Biocombustibles<\/title>\n<meta name=\"description\" content=\"\u00danete a la conversaci\u00f3n m\u00e1s importante para la transici\u00f3n energ\u00e9tica de Colombia, En la IV Conferencia Internacional de Biocombustibles de Colombia\" \/>\n<meta name=\"robots\" content=\"index, follow, max-snippet:-1, max-image-preview:large, max-video-preview:-1\" \/>\n<link rel=\"canonical\" href=\"https:\/\/fedebiocombustibles.com\/en\/unete-a-la-conversacion-mas-importante-para-la-transicion-energetica-de-colombia\/\" \/>\n<meta property=\"og:locale\" content=\"en_US\" \/>\n<meta property=\"og:type\" content=\"article\" \/>\n<meta property=\"og:title\" content=\"\u00danete a la conversaci\u00f3n m\u00e1s importante para la transici\u00f3n energ\u00e9tica de Colombia - Federaci\u00f3n Nacional de Biocombustibles\" \/>\n<meta property=\"og:description\" content=\"\u00danete a la conversaci\u00f3n m\u00e1s importante para la transici\u00f3n energ\u00e9tica de Colombia, En la IV Conferencia Internacional de Biocombustibles de Colombia\" \/>\n<meta property=\"og:url\" content=\"https:\/\/fedebiocombustibles.com\/en\/unete-a-la-conversacion-mas-importante-para-la-transicion-energetica-de-colombia\/\" \/>\n<meta property=\"og:site_name\" content=\"Federaci\u00f3n Nacional de Biocombustibles\" \/>\n<meta property=\"article:published_time\" content=\"2023-03-21T14:07:16+00:00\" \/>\n<meta property=\"article:modified_time\" content=\"2024-09-18T15:41:17+00:00\" \/>\n<meta property=\"og:image\" content=\"https:\/\/fedebiocombustibles.com\/wp-content\/uploads\/2022\/12\/Pieza-IV-C2-1.png\" \/>\n\t<meta property=\"og:image:width\" content=\"1148\" \/>\n\t<meta property=\"og:image:height\" content=\"925\" \/>\n\t<meta property=\"og:image:type\" content=\"image\/png\" \/>\n<meta name=\"author\" content=\"MD-Fedebio\" \/>\n<meta name=\"twitter:card\" content=\"summary_large_image\" \/>\n<meta name=\"twitter:label1\" content=\"Written by\" \/>\n\t<meta name=\"twitter:data1\" content=\"MD-Fedebio\" \/>\n\t<meta name=\"twitter:label2\" content=\"Est. reading time\" \/>\n\t<meta name=\"twitter:data2\" content=\"1 minute\" \/>\n<script type=\"application\/ld+json\" class=\"yoast-schema-graph\">{\"@context\":\"https:\\\/\\\/schema.org\",\"@graph\":[{\"@type\":\"Article\",\"@id\":\"https:\\\/\\\/fedebiocombustibles.com\\\/unete-a-la-conversacion-mas-importante-para-la-transicion-energetica-de-colombia\\\/#article\",\"isPartOf\":{\"@id\":\"https:\\\/\\\/fedebiocombustibles.com\\\/unete-a-la-conversacion-mas-importante-para-la-transicion-energetica-de-colombia\\\/\"},\"author\":{\"name\":\"MD-Fedebio\",\"@id\":\"https:\\\/\\\/fedebiocombustibles.com\\\/#\\\/schema\\\/person\\\/77df2713a53f1ecd515b1a69f25fcf1d\"},\"headline\":\"\u00danete a la conversaci\u00f3n m\u00e1s importante para la transici\u00f3n energ\u00e9tica de Colombia\",\"datePublished\":\"2023-03-21T14:07:16+00:00\",\"dateModified\":\"2024-09-18T15:41:17+00:00\",\"mainEntityOfPage\":{\"@id\":\"https:\\\/\\\/fedebiocombustibles.com\\\/unete-a-la-conversacion-mas-importante-para-la-transicion-energetica-de-colombia\\\/\"},\"wordCount\":140,\"image\":{\"@id\":\"https:\\\/\\\/fedebiocombustibles.com\\\/unete-a-la-conversacion-mas-importante-para-la-transicion-energetica-de-colombia\\\/#primaryimage\"},\"thumbnailUrl\":\"https:\\\/\\\/fedebiocombustibles.com\\\/wp-content\\\/uploads\\\/2022\\\/12\\\/Pieza-IV-C2-1.png\",\"articleSection\":[\"Comunicados\"],\"inLanguage\":\"en-US\"},{\"@type\":\"WebPage\",\"@id\":\"https:\\\/\\\/fedebiocombustibles.com\\\/unete-a-la-conversacion-mas-importante-para-la-transicion-energetica-de-colombia\\\/\",\"url\":\"https:\\\/\\\/fedebiocombustibles.com\\\/unete-a-la-conversacion-mas-importante-para-la-transicion-energetica-de-colombia\\\/\",\"name\":\"\u00danete a la conversaci\u00f3n m\u00e1s importante para la transici\u00f3n energ\u00e9tica de Colombia - Federaci\u00f3n Nacional de Biocombustibles\",\"isPartOf\":{\"@id\":\"https:\\\/\\\/fedebiocombustibles.com\\\/#website\"},\"primaryImageOfPage\":{\"@id\":\"https:\\\/\\\/fedebiocombustibles.com\\\/unete-a-la-conversacion-mas-importante-para-la-transicion-energetica-de-colombia\\\/#primaryimage\"},\"image\":{\"@id\":\"https:\\\/\\\/fedebiocombustibles.com\\\/unete-a-la-conversacion-mas-importante-para-la-transicion-energetica-de-colombia\\\/#primaryimage\"},\"thumbnailUrl\":\"https:\\\/\\\/fedebiocombustibles.com\\\/wp-content\\\/uploads\\\/2022\\\/12\\\/Pieza-IV-C2-1.png\",\"datePublished\":\"2023-03-21T14:07:16+00:00\",\"dateModified\":\"2024-09-18T15:41:17+00:00\",\"author\":{\"@id\":\"https:\\\/\\\/fedebiocombustibles.com\\\/#\\\/schema\\\/person\\\/77df2713a53f1ecd515b1a69f25fcf1d\"},\"description\":\"\u00danete a la conversaci\u00f3n m\u00e1s importante para la transici\u00f3n energ\u00e9tica de Colombia, En la IV Conferencia Internacional de Biocombustibles de Colombia\",\"breadcrumb\":{\"@id\":\"https:\\\/\\\/fedebiocombustibles.com\\\/unete-a-la-conversacion-mas-importante-para-la-transicion-energetica-de-colombia\\\/#breadcrumb\"},\"inLanguage\":\"en-US\",\"potentialAction\":[{\"@type\":\"ReadAction\",\"target\":[\"https:\\\/\\\/fedebiocombustibles.com\\\/unete-a-la-conversacion-mas-importante-para-la-transicion-energetica-de-colombia\\\/\"]}]},{\"@type\":\"ImageObject\",\"inLanguage\":\"en-US\",\"@id\":\"https:\\\/\\\/fedebiocombustibles.com\\\/unete-a-la-conversacion-mas-importante-para-la-transicion-energetica-de-colombia\\\/#primaryimage\",\"url\":\"https:\\\/\\\/fedebiocombustibles.com\\\/wp-content\\\/uploads\\\/2022\\\/12\\\/Pieza-IV-C2-1.png\",\"contentUrl\":\"https:\\\/\\\/fedebiocombustibles.com\\\/wp-content\\\/uploads\\\/2022\\\/12\\\/Pieza-IV-C2-1.png\",\"width\":1148,\"height\":925},{\"@type\":\"BreadcrumbList\",\"@id\":\"https:\\\/\\\/fedebiocombustibles.com\\\/unete-a-la-conversacion-mas-importante-para-la-transicion-energetica-de-colombia\\\/#breadcrumb\",\"itemListElement\":[{\"@type\":\"ListItem\",\"position\":1,\"name\":\"Portada\",\"item\":\"https:\\\/\\\/fedebiocombustibles.com\\\/\"},{\"@type\":\"ListItem\",\"position\":2,\"name\":\"\u00danete a la conversaci\u00f3n m\u00e1s importante para la transici\u00f3n energ\u00e9tica de Colombia\"}]},{\"@type\":\"WebSite\",\"@id\":\"https:\\\/\\\/fedebiocombustibles.com\\\/#website\",\"url\":\"https:\\\/\\\/fedebiocombustibles.com\\\/\",\"name\":\"Federaci\u00f3n Nacional de Biocombustibles\",\"description\":\"Colombia\",\"potentialAction\":[{\"@type\":\"SearchAction\",\"target\":{\"@type\":\"EntryPoint\",\"urlTemplate\":\"https:\\\/\\\/fedebiocombustibles.com\\\/?s={search_term_string}\"},\"query-input\":{\"@type\":\"PropertyValueSpecification\",\"valueRequired\":true,\"valueName\":\"search_term_string\"}}],\"inLanguage\":\"en-US\"},{\"@type\":\"Person\",\"@id\":\"https:\\\/\\\/fedebiocombustibles.com\\\/#\\\/schema\\\/person\\\/77df2713a53f1ecd515b1a69f25fcf1d\",\"name\":\"MD-Fedebio\",\"image\":{\"@type\":\"ImageObject\",\"inLanguage\":\"en-US\",\"@id\":\"https:\\\/\\\/fedebiocombustibles.com\\\/wp-content\\\/litespeed\\\/avatar\\\/18a51d442641b2db9eceb84b538662f6.jpg?ver=1776819910\",\"url\":\"https:\\\/\\\/fedebiocombustibles.com\\\/wp-content\\\/litespeed\\\/avatar\\\/18a51d442641b2db9eceb84b538662f6.jpg?ver=1776819910\",\"contentUrl\":\"https:\\\/\\\/fedebiocombustibles.com\\\/wp-content\\\/litespeed\\\/avatar\\\/18a51d442641b2db9eceb84b538662f6.jpg?ver=1776819910\",\"caption\":\"MD-Fedebio\"},\"sameAs\":[\"https:\\\/\\\/fedebiocombustibles.com\"],\"url\":\"https:\\\/\\\/fedebiocombustibles.com\\\/en\\\/author\\\/md-fedebio\\\/\"}]}<\/script>\n<!-- \/ Yoast SEO plugin. -->","yoast_head_json":{"title":"\u00danete a la conversaci\u00f3n m\u00e1s importante para la transici\u00f3n energ\u00e9tica de Colombia - Federaci\u00f3n Nacional de Biocombustibles","description":"\u00danete a la conversaci\u00f3n m\u00e1s importante para la transici\u00f3n energ\u00e9tica de Colombia, En la IV Conferencia Internacional de Biocombustibles de Colombia","robots":{"index":"index","follow":"follow","max-snippet":"max-snippet:-1","max-image-preview":"max-image-preview:large","max-video-preview":"max-video-preview:-1"},"canonical":"https:\/\/fedebiocombustibles.com\/en\/unete-a-la-conversacion-mas-importante-para-la-transicion-energetica-de-colombia\/","og_locale":"en_US","og_type":"article","og_title":"\u00danete a la conversaci\u00f3n m\u00e1s importante para la transici\u00f3n energ\u00e9tica de Colombia - Federaci\u00f3n Nacional de Biocombustibles","og_description":"\u00danete a la conversaci\u00f3n m\u00e1s importante para la transici\u00f3n energ\u00e9tica de Colombia, En la IV Conferencia Internacional de Biocombustibles de Colombia","og_url":"https:\/\/fedebiocombustibles.com\/en\/unete-a-la-conversacion-mas-importante-para-la-transicion-energetica-de-colombia\/","og_site_name":"Federaci\u00f3n Nacional de Biocombustibles","article_published_time":"2023-03-21T14:07:16+00:00","article_modified_time":"2024-09-18T15:41:17+00:00","og_image":[{"width":1148,"height":925,"url":"https:\/\/fedebiocombustibles.com\/wp-content\/uploads\/2022\/12\/Pieza-IV-C2-1.png","type":"image\/png"}],"author":"MD-Fedebio","twitter_card":"summary_large_image","twitter_misc":{"Written by":"MD-Fedebio","Est. reading time":"1 minute"},"schema":{"@context":"https:\/\/schema.org","@graph":[{"@type":"Article","@id":"https:\/\/fedebiocombustibles.com\/unete-a-la-conversacion-mas-importante-para-la-transicion-energetica-de-colombia\/#article","isPartOf":{"@id":"https:\/\/fedebiocombustibles.com\/unete-a-la-conversacion-mas-importante-para-la-transicion-energetica-de-colombia\/"},"author":{"name":"MD-Fedebio","@id":"https:\/\/fedebiocombustibles.com\/#\/schema\/person\/77df2713a53f1ecd515b1a69f25fcf1d"},"headline":"\u00danete a la conversaci\u00f3n m\u00e1s importante para la transici\u00f3n energ\u00e9tica de Colombia","datePublished":"2023-03-21T14:07:16+00:00","dateModified":"2024-09-18T15:41:17+00:00","mainEntityOfPage":{"@id":"https:\/\/fedebiocombustibles.com\/unete-a-la-conversacion-mas-importante-para-la-transicion-energetica-de-colombia\/"},"wordCount":140,"image":{"@id":"https:\/\/fedebiocombustibles.com\/unete-a-la-conversacion-mas-importante-para-la-transicion-energetica-de-colombia\/#primaryimage"},"thumbnailUrl":"https:\/\/fedebiocombustibles.com\/wp-content\/uploads\/2022\/12\/Pieza-IV-C2-1.png","articleSection":["Comunicados"],"inLanguage":"en-US"},{"@type":"WebPage","@id":"https:\/\/fedebiocombustibles.com\/unete-a-la-conversacion-mas-importante-para-la-transicion-energetica-de-colombia\/","url":"https:\/\/fedebiocombustibles.com\/unete-a-la-conversacion-mas-importante-para-la-transicion-energetica-de-colombia\/","name":"\u00danete a la conversaci\u00f3n m\u00e1s importante para la transici\u00f3n energ\u00e9tica de Colombia - Federaci\u00f3n Nacional de Biocombustibles","isPartOf":{"@id":"https:\/\/fedebiocombustibles.com\/#website"},"primaryImageOfPage":{"@id":"https:\/\/fedebiocombustibles.com\/unete-a-la-conversacion-mas-importante-para-la-transicion-energetica-de-colombia\/#primaryimage"},"image":{"@id":"https:\/\/fedebiocombustibles.com\/unete-a-la-conversacion-mas-importante-para-la-transicion-energetica-de-colombia\/#primaryimage"},"thumbnailUrl":"https:\/\/fedebiocombustibles.com\/wp-content\/uploads\/2022\/12\/Pieza-IV-C2-1.png","datePublished":"2023-03-21T14:07:16+00:00","dateModified":"2024-09-18T15:41:17+00:00","author":{"@id":"https:\/\/fedebiocombustibles.com\/#\/schema\/person\/77df2713a53f1ecd515b1a69f25fcf1d"},"description":"\u00danete a la conversaci\u00f3n m\u00e1s importante para la transici\u00f3n energ\u00e9tica de Colombia, En la IV Conferencia Internacional de Biocombustibles de Colombia","breadcrumb":{"@id":"https:\/\/fedebiocombustibles.com\/unete-a-la-conversacion-mas-importante-para-la-transicion-energetica-de-colombia\/#breadcrumb"},"inLanguage":"en-US","potentialAction":[{"@type":"ReadAction","target":["https:\/\/fedebiocombustibles.com\/unete-a-la-conversacion-mas-importante-para-la-transicion-energetica-de-colombia\/"]}]},{"@type":"ImageObject","inLanguage":"en-US","@id":"https:\/\/fedebiocombustibles.com\/unete-a-la-conversacion-mas-importante-para-la-transicion-energetica-de-colombia\/#primaryimage","url":"https:\/\/fedebiocombustibles.com\/wp-content\/uploads\/2022\/12\/Pieza-IV-C2-1.png","contentUrl":"https:\/\/fedebiocombustibles.com\/wp-content\/uploads\/2022\/12\/Pieza-IV-C2-1.png","width":1148,"height":925},{"@type":"BreadcrumbList","@id":"https:\/\/fedebiocombustibles.com\/unete-a-la-conversacion-mas-importante-para-la-transicion-energetica-de-colombia\/#breadcrumb","itemListElement":[{"@type":"ListItem","position":1,"name":"Portada","item":"https:\/\/fedebiocombustibles.com\/"},{"@type":"ListItem","position":2,"name":"\u00danete a la conversaci\u00f3n m\u00e1s importante para la transici\u00f3n energ\u00e9tica de Colombia"}]},{"@type":"WebSite","@id":"https:\/\/fedebiocombustibles.com\/#website","url":"https:\/\/fedebiocombustibles.com\/","name":"Federaci\u00f3n Nacional de Biocombustibles","description":"Colombia","potentialAction":[{"@type":"SearchAction","target":{"@type":"EntryPoint","urlTemplate":"https:\/\/fedebiocombustibles.com\/?s={search_term_string}"},"query-input":{"@type":"PropertyValueSpecification","valueRequired":true,"valueName":"search_term_string"}}],"inLanguage":"en-US"},{"@type":"Person","@id":"https:\/\/fedebiocombustibles.com\/#\/schema\/person\/77df2713a53f1ecd515b1a69f25fcf1d","name":"MD-Fedebio","image":{"@type":"ImageObject","inLanguage":"en-US","@id":"https:\/\/fedebiocombustibles.com\/wp-content\/litespeed\/avatar\/18a51d442641b2db9eceb84b538662f6.jpg?ver=1776819910","url":"https:\/\/fedebiocombustibles.com\/wp-content\/litespeed\/avatar\/18a51d442641b2db9eceb84b538662f6.jpg?ver=1776819910","contentUrl":"https:\/\/fedebiocombustibles.com\/wp-content\/litespeed\/avatar\/18a51d442641b2db9eceb84b538662f6.jpg?ver=1776819910","caption":"MD-Fedebio"},"sameAs":["https:\/\/fedebiocombustibles.com"],"url":"https:\/\/fedebiocombustibles.com\/en\/author\/md-fedebio\/"}]}},"_links":{"self":[{"href":"https:\/\/fedebiocombustibles.com\/en\/wp-json\/wp\/v2\/posts\/5076","targetHints":{"allow":["GET"]}}],"collection":[{"href":"https:\/\/fedebiocombustibles.com\/en\/wp-json\/wp\/v2\/posts"}],"about":[{"href":"https:\/\/fedebiocombustibles.com\/en\/wp-json\/wp\/v2\/types\/post"}],"author":[{"embeddable":true,"href":"https:\/\/fedebiocombustibles.com\/en\/wp-json\/wp\/v2\/users\/1"}],"replies":[{"embeddable":true,"href":"https:\/\/fedebiocombustibles.com\/en\/wp-json\/wp\/v2\/comments?post=5076"}],"version-history":[{"count":8,"href":"https:\/\/fedebiocombustibles.com\/en\/wp-json\/wp\/v2\/posts\/5076\/revisions"}],"predecessor-version":[{"id":5104,"href":"https:\/\/fedebiocombustibles.com\/en\/wp-json\/wp\/v2\/posts\/5076\/revisions\/5104"}],"wp:featuredmedia":[{"embeddable":true,"href":"https:\/\/fedebiocombustibles.com\/en\/wp-json\/wp\/v2\/media\/4207"}],"wp:attachment":[{"href":"https:\/\/fedebiocombustibles.com\/en\/wp-json\/wp\/v2\/media?parent=5076"}],"wp:term":[{"taxonomy":"category","embeddable":true,"href":"https:\/\/fedebiocombustibles.com\/en\/wp-json\/wp\/v2\/categories?post=5076"},{"taxonomy":"post_tag","embeddable":true,"href":"https:\/\/fedebiocombustibles.com\/en\/wp-json\/wp\/v2\/tags?post=5076"}],"curies":[{"name":"wp","href":"https:\/\/api.w.org\/{rel}","templated":true}]}}