{"id":3063,"date":"2022-06-29T21:47:39","date_gmt":"2022-06-29T21:47:39","guid":{"rendered":"https:\/\/fedebiocombustibles.com\/?p=3063"},"modified":"2024-09-18T10:41:32","modified_gmt":"2024-09-18T15:41:32","slug":"fedebiocombustibles-propone-a-nuevo-gobierno-trabajar-en-una-hoja-de-ruta-conjunta-para-una-transicion-energetica-sostenible","status":"publish","type":"post","link":"https:\/\/fedebiocombustibles.com\/en\/fedebiocombustibles-propone-a-nuevo-gobierno-trabajar-en-una-hoja-de-ruta-conjunta-para-una-transicion-energetica-sostenible\/","title":{"rendered":"Fedebiocombustibles propone a nuevo gobierno trabajar en una hoja de ruta conjunta para una transici\u00f3n energ\u00e9tica sostenible"},"content":{"rendered":"<div data-elementor-type=\"wp-post\" data-elementor-id=\"3063\" class=\"elementor elementor-3063\" data-elementor-post-type=\"post\">\n\t\t\t\t\t\t<section class=\"elementor-section elementor-top-section elementor-element elementor-element-e74b4d8 elementor-section-full_width elementor-section-height-default elementor-section-height-default\" data-id=\"e74b4d8\" data-element_type=\"section\" data-e-type=\"section\">\n\t\t\t\t\t\t<div class=\"elementor-container elementor-column-gap-default\">\n\t\t\t\t\t<div class=\"elementor-column elementor-col-20 elementor-top-column elementor-element elementor-element-f944932\" data-id=\"f944932\" data-element_type=\"column\" data-e-type=\"column\">\n\t\t\t<div class=\"elementor-widget-wrap\">\n\t\t\t\t\t\t\t<\/div>\n\t\t<\/div>\n\t\t\t\t<div class=\"elementor-column elementor-col-20 elementor-top-column elementor-element elementor-element-7f6ccac\" data-id=\"7f6ccac\" data-element_type=\"column\" data-e-type=\"column\">\n\t\t\t<div class=\"elementor-widget-wrap elementor-element-populated\">\n\t\t\t\t\t\t<div class=\"elementor-element elementor-element-c4db448 elementor-widget elementor-widget-heading\" data-id=\"c4db448\" data-element_type=\"widget\" data-e-type=\"widget\" data-widget_type=\"heading.default\">\n\t\t\t\t<div class=\"elementor-widget-container\">\n\t\t\t\t\t<h1 class=\"elementor-heading-title elementor-size-default\">Fedebiocombustibles propone a nuevo gobierno trabajar en una hoja de ruta conjunta para una transici\u00f3n energ\u00e9tica sostenible<\/h1>\t\t\t\t<\/div>\n\t\t\t\t<\/div>\n\t\t\t\t<div class=\"elementor-element elementor-element-00e6557 elementor-widget elementor-widget-image\" data-id=\"00e6557\" data-element_type=\"widget\" data-e-type=\"widget\" data-widget_type=\"image.default\">\n\t\t\t\t<div class=\"elementor-widget-container\">\n\t\t\t\t\t\t\t\t\t\t\t\t\t\t\t<img fetchpriority=\"high\" decoding=\"async\" width=\"1977\" height=\"1301\" src=\"https:\/\/fedebiocombustibles.com\/wp-content\/uploads\/2022\/06\/Jorge-Bendeck-2-1.jpg\" class=\"attachment-full size-full wp-image-3064\" alt=\"Jorge Bendeck\" srcset=\"https:\/\/fedebiocombustibles.com\/wp-content\/uploads\/2022\/06\/Jorge-Bendeck-2-1.jpg 1977w, https:\/\/fedebiocombustibles.com\/wp-content\/uploads\/2022\/06\/Jorge-Bendeck-2-1-300x197.jpg 300w, https:\/\/fedebiocombustibles.com\/wp-content\/uploads\/2022\/06\/Jorge-Bendeck-2-1-1024x674.jpg 1024w, https:\/\/fedebiocombustibles.com\/wp-content\/uploads\/2022\/06\/Jorge-Bendeck-2-1-768x505.jpg 768w, https:\/\/fedebiocombustibles.com\/wp-content\/uploads\/2022\/06\/Jorge-Bendeck-2-1-1536x1011.jpg 1536w\" sizes=\"(max-width: 1977px) 100vw, 1977px\" \/>\t\t\t\t\t\t\t\t\t\t\t\t\t\t\t<\/div>\n\t\t\t\t<\/div>\n\t\t\t\t<div class=\"elementor-element elementor-element-0e87459 elementor-widget elementor-widget-heading\" data-id=\"0e87459\" data-element_type=\"widget\" data-e-type=\"widget\" data-widget_type=\"heading.default\">\n\t\t\t\t<div class=\"elementor-widget-container\">\n\t\t\t\t\t<h2 class=\"elementor-heading-title elementor-size-default\">\u25cf\tEsta agroindustria es parte determinante hacia un futuro totalmente renovable, dado que los biocombustibles permiten disminuir la dependencia de los hidrocarburos, lo que mejora la seguridad energ\u00e9tica del pa\u00eds.<\/h2>\t\t\t\t<\/div>\n\t\t\t\t<\/div>\n\t\t\t\t<div class=\"elementor-element elementor-element-84039a8 elementor-widget elementor-widget-text-editor\" data-id=\"84039a8\" data-element_type=\"widget\" data-e-type=\"widget\" data-widget_type=\"text-editor.default\">\n\t\t\t\t<div class=\"elementor-widget-container\">\n\t\t\t\t\t\t\t\t\t<p>Consciente de que la transici\u00f3n energ\u00e9tica y el respeto por la naturaleza ser\u00e1 una de las prioridades del nuevo presidente electo de Colombia, la Federaci\u00f3n Nacional de Biocombustibles de Colombia (Fedebiocombustibles) propone al Gobierno entrante a construir una agenda conjunta que permita cumplir con ese objetivo.<\/p><p>Entendiendo que los biocombustibles son determinantes en la transici\u00f3n energ\u00e9tica, el gremio muestra su disposici\u00f3n para aportar informaci\u00f3n t\u00e9cnica y de valor que permita construir una hoja de ruta que vincula a todos los sectores para trabajar unidos en temas como la diversificaci\u00f3n y seguridad energ\u00e9tica, as\u00ed como la reducci\u00f3n de las emisiones contaminantes.<\/p>\t\t\t\t\t\t\t\t<\/div>\n\t\t\t\t<\/div>\n\t\t\t\t<div class=\"elementor-element elementor-element-9afcf13 elementor-widget elementor-widget-text-editor\" data-id=\"9afcf13\" data-element_type=\"widget\" data-e-type=\"widget\" data-widget_type=\"text-editor.default\">\n\t\t\t\t<div class=\"elementor-widget-container\">\n\t\t\t\t\t\t\t\t\t<p>Jorge Bendeck, presidente ejecutivo de Fedebiocombustibles, indic\u00f3 que estos esfuerzos deben redundar en la preservaci\u00f3n del medioambiente, la salud de los colombianos, compromiso social y econ\u00f3mico. \u201cEl cambio clim\u00e1tico no es una cuesti\u00f3n de ideolog\u00eda, y los gobiernos -sin importar su orilla o partido pol\u00edtico- deben tomar decisiones de fondo para acelerar las transformaciones necesarias hacia la carbono neutralidad\u201d, dijo.<\/p><p>Y agreg\u00f3: por esa raz\u00f3n Fedebiocombustibles quiere ser parte del dise\u00f1o de la nueva pol\u00edtica p\u00fablica en torno a la sostenibilidad, dado que la transici\u00f3n hacia un futuro totalmente renovable requiere de los biocombustibles, \u00a0\u00a0\u00a0\u00a0\u00a0\u00a0 que al ser producidos localmente, permiten disminuir la dependencia de los hidrocarburos,\u00a0 al tiempo que aportan a la seguridad energ\u00e9tica del pa\u00eds.<\/p>\t\t\t\t\t\t\t\t<\/div>\n\t\t\t\t<\/div>\n\t\t\t\t<div class=\"elementor-element elementor-element-aeda256 elementor-widget elementor-widget-text-editor\" data-id=\"aeda256\" data-element_type=\"widget\" data-e-type=\"widget\" data-widget_type=\"text-editor.default\">\n\t\t\t\t<div class=\"elementor-widget-container\">\n\t\t\t\t\t\t\t\t\t<p>\u201cPara este proceso es clave, entre otras cosas, que el nuevo Gobierno establezca la hoja de ruta sectorial para la consolidaci\u00f3n del uso de biocombustibles de primera generaci\u00f3n y promover el uso de estos energ\u00e9ticos alternativos tales como: Combustibles Sostenibles de Aviaci\u00f3n (SAF) y Diesel Renovable (HVO). Estos garantizan disminuci\u00f3n de GEI y generan empleo rural\u201d, indic\u00f3.<\/p><p>Vale la pena destacar que los biocombustibles en los \u00faltimos 12 a\u00f1os han evitado la emisi\u00f3n de m\u00e1s de 31 millones de toneladas de gases de efecto invernadero (GEI) y m\u00e1s de 8.000 toneladas de material particulado, lo que equivale a retirar de circulaci\u00f3n entre 400.000 y 1,5 millones de veh\u00edculos al a\u00f1o. Esto porque los biocombustibles disminuyen entre 74% y 83% los GEI, convirti\u00e9ndose en la alternativa m\u00e1s r\u00e1pida para la transici\u00f3n energ\u00e9tica.<\/p><p>Durante el a\u00f1o pasado, se dejaron de emitir a la atm\u00f3sfera respirable m\u00e1s de 681 toneladas de material particulado gracias al uso del biodi\u00e9sel y bioetanol, los dos biocombustibles que hoy se producen en el pa\u00eds a partir del aceite de palma y de la ca\u00f1a de az\u00facar.<\/p>\t\t\t\t\t\t\t\t<\/div>\n\t\t\t\t<\/div>\n\t\t\t\t<div class=\"elementor-element elementor-element-2ab3df5 elementor-widget elementor-widget-text-editor\" data-id=\"2ab3df5\" data-element_type=\"widget\" data-e-type=\"widget\" data-widget_type=\"text-editor.default\">\n\t\t\t\t<div class=\"elementor-widget-container\">\n\t\t\t\t\t\t\t\t\t<p>\u201cEn este cuatrenio como sector estaremos dispuestos para aportar en la disminuci\u00f3n de los gases efecto invernadero, a la lucha contra el cambio clim\u00e1tico y a seguir apostando al crecimiento del campo y al desarrollo del pa\u00eds, siendo parte de la soluci\u00f3n\u201d, agreg\u00f3 Bendeck.<\/p><p>Respecto a la generaci\u00f3n de empleo, los biocombustibles son un motor de desarrollo en las regiones, dado que adem\u00e1s esta industria actualmente aporta un 5,8% al PIB agr\u00edcola del pa\u00eds y genera 90.000 puestos de trabajo directos e indirectos en la cadena agroindustrial, mayormente en el campo colombiano. Asimismo, la consultora Econometr\u00eda encontr\u00f3 que los biocombustibles podr\u00edan llegar a crear 49.000 empleos adicionales en los pr\u00f3ximos 12 a\u00f1os, contribuyendo al crecimiento econ\u00f3mico nacional.<\/p>\t\t\t\t\t\t\t\t<\/div>\n\t\t\t\t<\/div>\n\t\t\t\t<div class=\"elementor-element elementor-element-cef0f3a elementor-widget elementor-widget-spacer\" data-id=\"cef0f3a\" data-element_type=\"widget\" data-e-type=\"widget\" data-widget_type=\"spacer.default\">\n\t\t\t\t<div class=\"elementor-widget-container\">\n\t\t\t\t\t\t\t<div class=\"elementor-spacer\">\n\t\t\t<div class=\"elementor-spacer-inner\"><\/div>\n\t\t<\/div>\n\t\t\t\t\t\t<\/div>\n\t\t\t\t<\/div>\n\t\t\t\t\t<\/div>\n\t\t<\/div>\n\t\t\t\t<div class=\"elementor-column elementor-col-20 elementor-top-column elementor-element elementor-element-4b48466\" data-id=\"4b48466\" data-element_type=\"column\" data-e-type=\"column\">\n\t\t\t<div class=\"elementor-widget-wrap\">\n\t\t\t\t\t\t\t<\/div>\n\t\t<\/div>\n\t\t\t\t<div class=\"elementor-column elementor-col-20 elementor-top-column elementor-element elementor-element-54402da\" data-id=\"54402da\" data-element_type=\"column\" data-e-type=\"column\">\n\t\t\t<div class=\"elementor-widget-wrap elementor-element-populated\">\n\t\t\t\t\t\t<section class=\"elementor-section elementor-inner-section elementor-element elementor-element-2948f4a elementor-section-full_width elementor-section-height-default elementor-section-height-default\" data-id=\"2948f4a\" data-element_type=\"section\" data-e-type=\"section\">\n\t\t\t\t\t\t<div class=\"elementor-container elementor-column-gap-default\">\n\t\t\t\t\t<div class=\"elementor-column elementor-col-100 elementor-inner-column elementor-element elementor-element-acf58d4\" data-id=\"acf58d4\" data-element_type=\"column\" data-e-type=\"column\" data-settings=\"{&quot;background_background&quot;:&quot;classic&quot;}\">\n\t\t\t<div class=\"elementor-widget-wrap elementor-element-populated\">\n\t\t\t\t\t\t<div class=\"elementor-element elementor-element-bc75a07 elementor-widget elementor-widget-heading\" data-id=\"bc75a07\" data-element_type=\"widget\" data-e-type=\"widget\" data-widget_type=\"heading.default\">\n\t\t\t\t<div class=\"elementor-widget-container\">\n\t\t\t\t\t<h2 class=\"elementor-heading-title elementor-size-default\">Boletines informativos<\/h2>\t\t\t\t<\/div>\n\t\t\t\t<\/div>\n\t\t\t\t<div class=\"elementor-element elementor-element-f03529c elementor-widget-divider--view-line elementor-widget elementor-widget-divider\" data-id=\"f03529c\" data-element_type=\"widget\" data-e-type=\"widget\" data-widget_type=\"divider.default\">\n\t\t\t\t<div class=\"elementor-widget-container\">\n\t\t\t\t\t\t\t<div class=\"elementor-divider\">\n\t\t\t<span class=\"elementor-divider-separator\">\n\t\t\t\t\t\t<\/span>\n\t\t<\/div>\n\t\t\t\t\t\t<\/div>\n\t\t\t\t<\/div>\n\t\t\t\t<div class=\"elementor-element elementor-element-28c836c elementor-widget elementor-widget-text-editor\" data-id=\"28c836c\" data-element_type=\"widget\" data-e-type=\"widget\" data-widget_type=\"text-editor.default\">\n\t\t\t\t<div class=\"elementor-widget-container\">\n\t\t\t\t\t\t\t\t\t<p>Registra tus datos para recibir actualizaciones de nuestro bolet\u00edn<\/p>\t\t\t\t\t\t\t\t<\/div>\n\t\t\t\t<\/div>\n\t\t\t\t<div class=\"elementor-element elementor-element-6eeb7f6 eael-contact-form-7-button-full-width elementor-widget elementor-widget-eael-contact-form-7\" data-id=\"6eeb7f6\" data-element_type=\"widget\" data-e-type=\"widget\" data-widget_type=\"eael-contact-form-7.default\">\n\t\t\t\t<div class=\"elementor-widget-container\">\n\t\t\t\t\t<div class=\"eael-contact-form-7-wrapper\">\n                <div class=\"eael-contact-form eael-contact-form-7 eael-contact-form-6eeb7f6 placeholder-show eael-contact-form-align-center\">\n<div class=\"wpcf7 no-js\" id=\"wpcf7-f1047-o1\" lang=\"es-ES\" dir=\"ltr\" data-wpcf7-id=\"1047\">\n<div class=\"screen-reader-response\"><p role=\"status\" aria-live=\"polite\" aria-atomic=\"true\"><\/p> <ul><\/ul><\/div>\n<form action=\"\/en\/wp-json\/wp\/v2\/posts\/3063#wpcf7-f1047-o1\" method=\"post\" class=\"wpcf7-form init\" aria-label=\"Formulario de contacto\" novalidate=\"novalidate\" data-status=\"init\" data-trp-original-action=\"\/en\/wp-json\/wp\/v2\/posts\/3063#wpcf7-f1047-o1\">\n<fieldset class=\"hidden-fields-container\"><input type=\"hidden\" name=\"_wpcf7\" value=\"1047\" \/><input type=\"hidden\" name=\"_wpcf7_version\" value=\"6.1.5\" \/><input type=\"hidden\" name=\"_wpcf7_locale\" value=\"es_ES\" \/><input type=\"hidden\" name=\"_wpcf7_unit_tag\" value=\"wpcf7-f1047-o1\" \/><input type=\"hidden\" name=\"_wpcf7_container_post\" value=\"0\" \/><input type=\"hidden\" name=\"_wpcf7_posted_data_hash\" value=\"\" \/><input type=\"hidden\" name=\"_wpcf7_recaptcha_response\" value=\"\" \/>\n<\/fieldset>\n<h5 style=\"color: #000000; text-align:center;\">Registra tus datos para recibir actualizaciones de nuestro bolet\u00edn\n<\/h5>\n<p><span class=\"wpcf7-form-control-wrap\" data-name=\"nombres\"><input size=\"40\" maxlength=\"400\" class=\"wpcf7-form-control wpcf7-text wpcf7-validates-as-required\" aria-required=\"true\" aria-invalid=\"false\" placeholder=\"Nombre\" value=\"\" type=\"text\" name=\"nombres\" \/><\/span><br \/>\n<span class=\"wpcf7-form-control-wrap\" data-name=\"email-621\"><input size=\"40\" maxlength=\"400\" class=\"wpcf7-form-control wpcf7-email wpcf7-validates-as-required wpcf7-text wpcf7-validates-as-email\" aria-required=\"true\" aria-invalid=\"false\" placeholder=\"Correo electr\u00f3nico\" value=\"\" type=\"email\" name=\"email-621\" \/><\/span>\n<\/p>\n<h6 style=\"color: #000000; text-align:center;\"> Al suscribirse autoriza el tratamiento de sus datos personales que puede consultar en el <a href=\"https:\/\/fedebiocombustibles.com\/wp-content\/uploads\/2022\/10\/DA-MNL-005-MANUAL-DE-POLITICA-DE-TRATAMIENTO-DE-DATOS-PERSONALES-V2.pdf\"> manual de politicas de tratamiento de datos personales <\/a>\n<\/h6>\n<p><input class=\"wpcf7-form-control wpcf7-submit has-spinner\" type=\"submit\" value=\"Suscr\u00edbete\" \/>\n<\/p><div class=\"wpcf7-response-output\" aria-hidden=\"true\"><\/div>\n<input type=\"hidden\" name=\"trp-form-language\" value=\"en\"\/><\/form>\n<\/div>\n<\/div>\n            <\/div>\t\t\t\t<\/div>\n\t\t\t\t<\/div>\n\t\t\t\t\t<\/div>\n\t\t<\/div>\n\t\t\t\t\t<\/div>\n\t\t<\/section>\n\t\t\t\t<div class=\"elementor-element elementor-element-ba9abbf elementor-widget elementor-widget-heading\" data-id=\"ba9abbf\" data-element_type=\"widget\" data-e-type=\"widget\" data-widget_type=\"heading.default\">\n\t\t\t\t<div class=\"elementor-widget-container\">\n\t\t\t\t\t<h2 class=\"elementor-heading-title elementor-size-default\">\u00daltimos Posts<\/h2>\t\t\t\t<\/div>\n\t\t\t\t<\/div>\n\t\t\t\t<div class=\"elementor-element elementor-element-ecf5c47 elementor-widget-divider--view-line elementor-widget elementor-widget-divider\" data-id=\"ecf5c47\" data-element_type=\"widget\" data-e-type=\"widget\" data-widget_type=\"divider.default\">\n\t\t\t\t<div class=\"elementor-widget-container\">\n\t\t\t\t\t\t\t<div class=\"elementor-divider\">\n\t\t\t<span class=\"elementor-divider-separator\">\n\t\t\t\t\t\t<\/span>\n\t\t<\/div>\n\t\t\t\t\t\t<\/div>\n\t\t\t\t<\/div>\n\t\t\t\t<section class=\"elementor-section elementor-inner-section elementor-element elementor-element-1cb2b69 elementor-section-full_width elementor-section-height-default elementor-section-height-default\" data-id=\"1cb2b69\" data-element_type=\"section\" data-e-type=\"section\">\n\t\t\t\t\t\t<div class=\"elementor-container elementor-column-gap-default\">\n\t\t\t\t\t<div class=\"elementor-column elementor-col-50 elementor-inner-column elementor-element elementor-element-8bf2e4f\" data-id=\"8bf2e4f\" data-element_type=\"column\" data-e-type=\"column\">\n\t\t\t<div class=\"elementor-widget-wrap elementor-element-populated\">\n\t\t\t\t\t\t<div class=\"elementor-element elementor-element-3f3ff15 elementor-widget elementor-widget-image\" data-id=\"3f3ff15\" data-element_type=\"widget\" data-e-type=\"widget\" data-widget_type=\"image.default\">\n\t\t\t\t<div class=\"elementor-widget-container\">\n\t\t\t\t\t\t\t\t\t\t\t\t\t\t\t\t<a href=\"https:\/\/fedebiocombustibles.com\/en\/2022\/01\/03\/proyecto-con-vehiculos-de-carga-reduce-considerablemente-la-mala-calidad-del-aire-en-medellin\/\">\n\t\t\t\t\t\t\t<img decoding=\"async\" width=\"753\" height=\"511\" src=\"https:\/\/fedebiocombustibles.com\/wp-content\/uploads\/2022\/01\/Medio-Ambiente-3.jpg\" class=\"elementor-animation-pop attachment-large size-large wp-image-812\" alt=\"\" srcset=\"https:\/\/fedebiocombustibles.com\/wp-content\/uploads\/2022\/01\/Medio-Ambiente-3.jpg 753w, https:\/\/fedebiocombustibles.com\/wp-content\/uploads\/2022\/01\/Medio-Ambiente-3-300x204.jpg 300w\" sizes=\"(max-width: 753px) 100vw, 753px\" \/>\t\t\t\t\t\t\t\t<\/a>\n\t\t\t\t\t\t\t\t\t\t\t\t\t\t\t<\/div>\n\t\t\t\t<\/div>\n\t\t\t\t\t<\/div>\n\t\t<\/div>\n\t\t\t\t<div class=\"elementor-column elementor-col-50 elementor-inner-column elementor-element elementor-element-dae904d\" data-id=\"dae904d\" data-element_type=\"column\" data-e-type=\"column\">\n\t\t\t<div class=\"elementor-widget-wrap elementor-element-populated\">\n\t\t\t\t\t\t<div class=\"elementor-element elementor-element-f855103 elementor-widget elementor-widget-heading\" data-id=\"f855103\" data-element_type=\"widget\" data-e-type=\"widget\" data-widget_type=\"heading.default\">\n\t\t\t\t<div class=\"elementor-widget-container\">\n\t\t\t\t\t<h2 class=\"elementor-heading-title elementor-size-default\">Proyecto con veh\u00edculos de carga reduce \"considerablemente\" la mala calidad del aire en Medell\u00edn<\/h2>\t\t\t\t<\/div>\n\t\t\t\t<\/div>\n\t\t\t\t<div class=\"elementor-element elementor-element-35d91a2 elementor-widget elementor-widget-heading\" data-id=\"35d91a2\" data-element_type=\"widget\" data-e-type=\"widget\" data-widget_type=\"heading.default\">\n\t\t\t\t<div class=\"elementor-widget-container\">\n\t\t\t\t\t<h2 class=\"elementor-heading-title elementor-size-default\">Enero 3 2022<\/h2>\t\t\t\t<\/div>\n\t\t\t\t<\/div>\n\t\t\t\t\t<\/div>\n\t\t<\/div>\n\t\t\t\t\t<\/div>\n\t\t<\/section>\n\t\t\t\t<section class=\"elementor-section elementor-inner-section elementor-element elementor-element-b06cb0f elementor-section-full_width elementor-section-height-default elementor-section-height-default\" data-id=\"b06cb0f\" data-element_type=\"section\" data-e-type=\"section\">\n\t\t\t\t\t\t<div class=\"elementor-container elementor-column-gap-default\">\n\t\t\t\t\t<div class=\"elementor-column elementor-col-50 elementor-inner-column elementor-element elementor-element-2103b54\" data-id=\"2103b54\" data-element_type=\"column\" data-e-type=\"column\">\n\t\t\t<div class=\"elementor-widget-wrap elementor-element-populated\">\n\t\t\t\t\t\t<div class=\"elementor-element elementor-element-4dd379b elementor-widget elementor-widget-image\" data-id=\"4dd379b\" data-element_type=\"widget\" data-e-type=\"widget\" data-widget_type=\"image.default\">\n\t\t\t\t<div class=\"elementor-widget-container\">\n\t\t\t\t\t\t\t\t\t\t\t\t\t\t\t\t<a href=\"https:\/\/fedebiocombustibles.com\/en\/2022\/01\/04\/que-efecto-tienen-los-biocombustibles-en-el-motor-de-un-automovil\/\">\n\t\t\t\t\t\t\t<img decoding=\"async\" width=\"770\" height=\"433\" src=\"https:\/\/fedebiocombustibles.com\/wp-content\/uploads\/2022\/01\/Alternativas-participar-1024x576.jpg\" class=\"elementor-animation-pop attachment-large size-large wp-image-759\" alt=\"\" srcset=\"https:\/\/fedebiocombustibles.com\/wp-content\/uploads\/2022\/01\/Alternativas-participar-1024x576.jpg 1024w, https:\/\/fedebiocombustibles.com\/wp-content\/uploads\/2022\/01\/Alternativas-participar-300x169.jpg 300w, https:\/\/fedebiocombustibles.com\/wp-content\/uploads\/2022\/01\/Alternativas-participar-768x432.jpg 768w, https:\/\/fedebiocombustibles.com\/wp-content\/uploads\/2022\/01\/Alternativas-participar.jpg 1200w\" sizes=\"(max-width: 770px) 100vw, 770px\" \/>\t\t\t\t\t\t\t\t<\/a>\n\t\t\t\t\t\t\t\t\t\t\t\t\t\t\t<\/div>\n\t\t\t\t<\/div>\n\t\t\t\t\t<\/div>\n\t\t<\/div>\n\t\t\t\t<div class=\"elementor-column elementor-col-50 elementor-inner-column elementor-element elementor-element-3e3d5ea\" data-id=\"3e3d5ea\" data-element_type=\"column\" data-e-type=\"column\">\n\t\t\t<div class=\"elementor-widget-wrap elementor-element-populated\">\n\t\t\t\t\t\t<div class=\"elementor-element elementor-element-22b81ca elementor-widget elementor-widget-heading\" data-id=\"22b81ca\" data-element_type=\"widget\" data-e-type=\"widget\" data-widget_type=\"heading.default\">\n\t\t\t\t<div class=\"elementor-widget-container\">\n\t\t\t\t\t<h2 class=\"elementor-heading-title elementor-size-default\">\u00bfQu\u00e9 efecto tienen los biocombustibles en el motor de un autom\u00f3vil?\n<\/h2>\t\t\t\t<\/div>\n\t\t\t\t<\/div>\n\t\t\t\t<div class=\"elementor-element elementor-element-6bd93ae elementor-widget elementor-widget-heading\" data-id=\"6bd93ae\" data-element_type=\"widget\" data-e-type=\"widget\" data-widget_type=\"heading.default\">\n\t\t\t\t<div class=\"elementor-widget-container\">\n\t\t\t\t\t<h2 class=\"elementor-heading-title elementor-size-default\">Enero 3 2022<\/h2>\t\t\t\t<\/div>\n\t\t\t\t<\/div>\n\t\t\t\t\t<\/div>\n\t\t<\/div>\n\t\t\t\t\t<\/div>\n\t\t<\/section>\n\t\t\t\t<section class=\"elementor-section elementor-inner-section elementor-element elementor-element-2a65a8c elementor-section-full_width elementor-section-height-default elementor-section-height-default\" data-id=\"2a65a8c\" data-element_type=\"section\" data-e-type=\"section\">\n\t\t\t\t\t\t<div class=\"elementor-container elementor-column-gap-default\">\n\t\t\t\t\t<div class=\"elementor-column elementor-col-50 elementor-inner-column elementor-element elementor-element-7c07e47\" data-id=\"7c07e47\" data-element_type=\"column\" data-e-type=\"column\">\n\t\t\t<div class=\"elementor-widget-wrap elementor-element-populated\">\n\t\t\t\t\t\t<div class=\"elementor-element elementor-element-e27c036 elementor-widget elementor-widget-image\" data-id=\"e27c036\" data-element_type=\"widget\" data-e-type=\"widget\" data-widget_type=\"image.default\">\n\t\t\t\t<div class=\"elementor-widget-container\">\n\t\t\t\t\t\t\t\t\t\t\t\t\t\t\t\t<a href=\"https:\/\/fedebiocombustibles.com\/en\/2022\/01\/03\/sector-de-biocombustibles-aporta-para-reducir-el-calentamiento-global\/\">\n\t\t\t\t\t\t\t<img loading=\"lazy\" decoding=\"async\" width=\"730\" height=\"450\" src=\"https:\/\/fedebiocombustibles.com\/wp-content\/uploads\/2022\/01\/Medio-Ambiente-2.jpg\" class=\"elementor-animation-pop attachment-large size-large wp-image-801\" alt=\"\" srcset=\"https:\/\/fedebiocombustibles.com\/wp-content\/uploads\/2022\/01\/Medio-Ambiente-2.jpg 730w, https:\/\/fedebiocombustibles.com\/wp-content\/uploads\/2022\/01\/Medio-Ambiente-2-300x185.jpg 300w\" sizes=\"(max-width: 730px) 100vw, 730px\" \/>\t\t\t\t\t\t\t\t<\/a>\n\t\t\t\t\t\t\t\t\t\t\t\t\t\t\t<\/div>\n\t\t\t\t<\/div>\n\t\t\t\t\t<\/div>\n\t\t<\/div>\n\t\t\t\t<div class=\"elementor-column elementor-col-50 elementor-inner-column elementor-element elementor-element-5dee1f8\" data-id=\"5dee1f8\" data-element_type=\"column\" data-e-type=\"column\">\n\t\t\t<div class=\"elementor-widget-wrap elementor-element-populated\">\n\t\t\t\t\t\t<div class=\"elementor-element elementor-element-43dc9ff elementor-widget elementor-widget-heading\" data-id=\"43dc9ff\" data-element_type=\"widget\" data-e-type=\"widget\" data-widget_type=\"heading.default\">\n\t\t\t\t<div class=\"elementor-widget-container\">\n\t\t\t\t\t<h2 class=\"elementor-heading-title elementor-size-default\">Sector de biocombustibles aporta para reducir el calentamiento global\n<\/h2>\t\t\t\t<\/div>\n\t\t\t\t<\/div>\n\t\t\t\t<div class=\"elementor-element elementor-element-360c2a5 elementor-widget elementor-widget-heading\" data-id=\"360c2a5\" data-element_type=\"widget\" data-e-type=\"widget\" data-widget_type=\"heading.default\">\n\t\t\t\t<div class=\"elementor-widget-container\">\n\t\t\t\t\t<h2 class=\"elementor-heading-title elementor-size-default\">Enero 3 2022<\/h2>\t\t\t\t<\/div>\n\t\t\t\t<\/div>\n\t\t\t\t\t<\/div>\n\t\t<\/div>\n\t\t\t\t\t<\/div>\n\t\t<\/section>\n\t\t\t\t\t<\/div>\n\t\t<\/div>\n\t\t\t\t<div class=\"elementor-column elementor-col-20 elementor-top-column elementor-element elementor-element-251b20a\" data-id=\"251b20a\" data-element_type=\"column\" data-e-type=\"column\">\n\t\t\t<div class=\"elementor-widget-wrap\">\n\t\t\t\t\t\t\t<\/div>\n\t\t<\/div>\n\t\t\t\t\t<\/div>\n\t\t<\/section>\n\t\t\t\t<\/div>","protected":false},"excerpt":{"rendered":"<p>Fedebiocombustibles propone a nuevo gobierno trabajar en una hoja de ruta conjunta para una transici\u00f3n energ\u00e9tica sostenible \u25cf Esta agroindustria es parte determinante hacia un futuro totalmente renovable, dado que los biocombustibles permiten disminuir la dependencia de los hidrocarburos, lo que mejora la seguridad energ\u00e9tica del pa\u00eds. Consciente de que la transici\u00f3n energ\u00e9tica y el<\/p>","protected":false},"author":1,"featured_media":3064,"comment_status":"closed","ping_status":"open","sticky":false,"template":"elementor_canvas","format":"standard","meta":{"_monsterinsights_skip_tracking":false,"_monsterinsights_sitenote_active":false,"_monsterinsights_sitenote_note":"","_monsterinsights_sitenote_category":0,"footnotes":""},"categories":[9],"tags":[],"class_list":{"0":"post-3063","1":"post","2":"type-post","3":"status-publish","4":"format-standard","5":"has-post-thumbnail","7":"category-comunicados"},"yoast_head":"<!-- This site is optimized with the Yoast SEO plugin v27.4 - https:\/\/yoast.com\/product\/yoast-seo-wordpress\/ -->\n<title>Fedebiocombustibles propone a nuevo gobierno trabajar en una hoja de ruta conjunta para una transici\u00f3n energ\u00e9tica sostenible - Federaci\u00f3n Nacional de Biocombustibles<\/title>\n<meta name=\"robots\" content=\"index, follow, max-snippet:-1, max-image-preview:large, max-video-preview:-1\" \/>\n<link rel=\"canonical\" href=\"https:\/\/fedebiocombustibles.com\/en\/fedebiocombustibles-propone-a-nuevo-gobierno-trabajar-en-una-hoja-de-ruta-conjunta-para-una-transicion-energetica-sostenible\/\" \/>\n<meta property=\"og:locale\" content=\"en_US\" \/>\n<meta property=\"og:type\" content=\"article\" \/>\n<meta property=\"og:title\" content=\"Fedebiocombustibles propone a nuevo gobierno trabajar en una hoja de ruta conjunta para una transici\u00f3n energ\u00e9tica sostenible - Federaci\u00f3n Nacional de Biocombustibles\" \/>\n<meta property=\"og:description\" content=\"Fedebiocombustibles propone a nuevo gobierno trabajar en una hoja de ruta conjunta para una transici\u00f3n energ\u00e9tica sostenible \u25cf Esta agroindustria es parte determinante hacia un futuro totalmente renovable, dado que los biocombustibles permiten disminuir la dependencia de los hidrocarburos, lo que mejora la seguridad energ\u00e9tica del pa\u00eds. Consciente de que la transici\u00f3n energ\u00e9tica y el\" \/>\n<meta property=\"og:url\" content=\"https:\/\/fedebiocombustibles.com\/en\/fedebiocombustibles-propone-a-nuevo-gobierno-trabajar-en-una-hoja-de-ruta-conjunta-para-una-transicion-energetica-sostenible\/\" \/>\n<meta property=\"og:site_name\" content=\"Federaci\u00f3n Nacional de Biocombustibles\" \/>\n<meta property=\"article:published_time\" content=\"2022-06-29T21:47:39+00:00\" \/>\n<meta property=\"article:modified_time\" content=\"2024-09-18T15:41:32+00:00\" \/>\n<meta property=\"og:image\" content=\"https:\/\/fedebiocombustibles.com\/wp-content\/uploads\/2022\/06\/Jorge-Bendeck-2-1.jpg\" \/>\n\t<meta property=\"og:image:width\" content=\"1977\" \/>\n\t<meta property=\"og:image:height\" content=\"1301\" \/>\n\t<meta property=\"og:image:type\" content=\"image\/jpeg\" \/>\n<meta name=\"author\" content=\"MD-Fedebio\" \/>\n<meta name=\"twitter:card\" content=\"summary_large_image\" \/>\n<meta name=\"twitter:label1\" content=\"Written by\" \/>\n\t<meta name=\"twitter:data1\" content=\"MD-Fedebio\" \/>\n\t<meta name=\"twitter:label2\" content=\"Est. reading time\" \/>\n\t<meta name=\"twitter:data2\" content=\"3 minutes\" \/>\n<script type=\"application\/ld+json\" class=\"yoast-schema-graph\">{\"@context\":\"https:\\\/\\\/schema.org\",\"@graph\":[{\"@type\":\"Article\",\"@id\":\"https:\\\/\\\/fedebiocombustibles.com\\\/fedebiocombustibles-propone-a-nuevo-gobierno-trabajar-en-una-hoja-de-ruta-conjunta-para-una-transicion-energetica-sostenible\\\/#article\",\"isPartOf\":{\"@id\":\"https:\\\/\\\/fedebiocombustibles.com\\\/fedebiocombustibles-propone-a-nuevo-gobierno-trabajar-en-una-hoja-de-ruta-conjunta-para-una-transicion-energetica-sostenible\\\/\"},\"author\":{\"name\":\"MD-Fedebio\",\"@id\":\"https:\\\/\\\/fedebiocombustibles.com\\\/#\\\/schema\\\/person\\\/77df2713a53f1ecd515b1a69f25fcf1d\"},\"headline\":\"Fedebiocombustibles propone a nuevo gobierno trabajar en una hoja de ruta conjunta para una transici\u00f3n energ\u00e9tica sostenible\",\"datePublished\":\"2022-06-29T21:47:39+00:00\",\"dateModified\":\"2024-09-18T15:41:32+00:00\",\"mainEntityOfPage\":{\"@id\":\"https:\\\/\\\/fedebiocombustibles.com\\\/fedebiocombustibles-propone-a-nuevo-gobierno-trabajar-en-una-hoja-de-ruta-conjunta-para-una-transicion-energetica-sostenible\\\/\"},\"wordCount\":684,\"image\":{\"@id\":\"https:\\\/\\\/fedebiocombustibles.com\\\/fedebiocombustibles-propone-a-nuevo-gobierno-trabajar-en-una-hoja-de-ruta-conjunta-para-una-transicion-energetica-sostenible\\\/#primaryimage\"},\"thumbnailUrl\":\"https:\\\/\\\/fedebiocombustibles.com\\\/wp-content\\\/uploads\\\/2022\\\/06\\\/Jorge-Bendeck-2-1.jpg\",\"articleSection\":[\"Comunicados\"],\"inLanguage\":\"en-US\"},{\"@type\":\"WebPage\",\"@id\":\"https:\\\/\\\/fedebiocombustibles.com\\\/fedebiocombustibles-propone-a-nuevo-gobierno-trabajar-en-una-hoja-de-ruta-conjunta-para-una-transicion-energetica-sostenible\\\/\",\"url\":\"https:\\\/\\\/fedebiocombustibles.com\\\/fedebiocombustibles-propone-a-nuevo-gobierno-trabajar-en-una-hoja-de-ruta-conjunta-para-una-transicion-energetica-sostenible\\\/\",\"name\":\"Fedebiocombustibles propone a nuevo gobierno trabajar en una hoja de ruta conjunta para una transici\u00f3n energ\u00e9tica sostenible - Federaci\u00f3n Nacional de Biocombustibles\",\"isPartOf\":{\"@id\":\"https:\\\/\\\/fedebiocombustibles.com\\\/#website\"},\"primaryImageOfPage\":{\"@id\":\"https:\\\/\\\/fedebiocombustibles.com\\\/fedebiocombustibles-propone-a-nuevo-gobierno-trabajar-en-una-hoja-de-ruta-conjunta-para-una-transicion-energetica-sostenible\\\/#primaryimage\"},\"image\":{\"@id\":\"https:\\\/\\\/fedebiocombustibles.com\\\/fedebiocombustibles-propone-a-nuevo-gobierno-trabajar-en-una-hoja-de-ruta-conjunta-para-una-transicion-energetica-sostenible\\\/#primaryimage\"},\"thumbnailUrl\":\"https:\\\/\\\/fedebiocombustibles.com\\\/wp-content\\\/uploads\\\/2022\\\/06\\\/Jorge-Bendeck-2-1.jpg\",\"datePublished\":\"2022-06-29T21:47:39+00:00\",\"dateModified\":\"2024-09-18T15:41:32+00:00\",\"author\":{\"@id\":\"https:\\\/\\\/fedebiocombustibles.com\\\/#\\\/schema\\\/person\\\/77df2713a53f1ecd515b1a69f25fcf1d\"},\"breadcrumb\":{\"@id\":\"https:\\\/\\\/fedebiocombustibles.com\\\/fedebiocombustibles-propone-a-nuevo-gobierno-trabajar-en-una-hoja-de-ruta-conjunta-para-una-transicion-energetica-sostenible\\\/#breadcrumb\"},\"inLanguage\":\"en-US\",\"potentialAction\":[{\"@type\":\"ReadAction\",\"target\":[\"https:\\\/\\\/fedebiocombustibles.com\\\/fedebiocombustibles-propone-a-nuevo-gobierno-trabajar-en-una-hoja-de-ruta-conjunta-para-una-transicion-energetica-sostenible\\\/\"]}]},{\"@type\":\"ImageObject\",\"inLanguage\":\"en-US\",\"@id\":\"https:\\\/\\\/fedebiocombustibles.com\\\/fedebiocombustibles-propone-a-nuevo-gobierno-trabajar-en-una-hoja-de-ruta-conjunta-para-una-transicion-energetica-sostenible\\\/#primaryimage\",\"url\":\"https:\\\/\\\/fedebiocombustibles.com\\\/wp-content\\\/uploads\\\/2022\\\/06\\\/Jorge-Bendeck-2-1.jpg\",\"contentUrl\":\"https:\\\/\\\/fedebiocombustibles.com\\\/wp-content\\\/uploads\\\/2022\\\/06\\\/Jorge-Bendeck-2-1.jpg\",\"width\":1977,\"height\":1301,\"caption\":\"Jorge Bendeck\"},{\"@type\":\"BreadcrumbList\",\"@id\":\"https:\\\/\\\/fedebiocombustibles.com\\\/fedebiocombustibles-propone-a-nuevo-gobierno-trabajar-en-una-hoja-de-ruta-conjunta-para-una-transicion-energetica-sostenible\\\/#breadcrumb\",\"itemListElement\":[{\"@type\":\"ListItem\",\"position\":1,\"name\":\"Portada\",\"item\":\"https:\\\/\\\/fedebiocombustibles.com\\\/\"},{\"@type\":\"ListItem\",\"position\":2,\"name\":\"Fedebiocombustibles propone a nuevo gobierno trabajar en una hoja de ruta conjunta para una transici\u00f3n energ\u00e9tica sostenible\"}]},{\"@type\":\"WebSite\",\"@id\":\"https:\\\/\\\/fedebiocombustibles.com\\\/#website\",\"url\":\"https:\\\/\\\/fedebiocombustibles.com\\\/\",\"name\":\"Federaci\u00f3n Nacional de Biocombustibles\",\"description\":\"Colombia\",\"potentialAction\":[{\"@type\":\"SearchAction\",\"target\":{\"@type\":\"EntryPoint\",\"urlTemplate\":\"https:\\\/\\\/fedebiocombustibles.com\\\/?s={search_term_string}\"},\"query-input\":{\"@type\":\"PropertyValueSpecification\",\"valueRequired\":true,\"valueName\":\"search_term_string\"}}],\"inLanguage\":\"en-US\"},{\"@type\":\"Person\",\"@id\":\"https:\\\/\\\/fedebiocombustibles.com\\\/#\\\/schema\\\/person\\\/77df2713a53f1ecd515b1a69f25fcf1d\",\"name\":\"MD-Fedebio\",\"image\":{\"@type\":\"ImageObject\",\"inLanguage\":\"en-US\",\"@id\":\"https:\\\/\\\/fedebiocombustibles.com\\\/wp-content\\\/litespeed\\\/avatar\\\/18a51d442641b2db9eceb84b538662f6.jpg?ver=1776819910\",\"url\":\"https:\\\/\\\/fedebiocombustibles.com\\\/wp-content\\\/litespeed\\\/avatar\\\/18a51d442641b2db9eceb84b538662f6.jpg?ver=1776819910\",\"contentUrl\":\"https:\\\/\\\/fedebiocombustibles.com\\\/wp-content\\\/litespeed\\\/avatar\\\/18a51d442641b2db9eceb84b538662f6.jpg?ver=1776819910\",\"caption\":\"MD-Fedebio\"},\"sameAs\":[\"https:\\\/\\\/fedebiocombustibles.com\"],\"url\":\"https:\\\/\\\/fedebiocombustibles.com\\\/en\\\/author\\\/md-fedebio\\\/\"}]}<\/script>\n<!-- \/ Yoast SEO plugin. -->","yoast_head_json":{"title":"Fedebiocombustibles propone a nuevo gobierno trabajar en una hoja de ruta conjunta para una transici\u00f3n energ\u00e9tica sostenible - Federaci\u00f3n Nacional de Biocombustibles","robots":{"index":"index","follow":"follow","max-snippet":"max-snippet:-1","max-image-preview":"max-image-preview:large","max-video-preview":"max-video-preview:-1"},"canonical":"https:\/\/fedebiocombustibles.com\/en\/fedebiocombustibles-propone-a-nuevo-gobierno-trabajar-en-una-hoja-de-ruta-conjunta-para-una-transicion-energetica-sostenible\/","og_locale":"en_US","og_type":"article","og_title":"Fedebiocombustibles propone a nuevo gobierno trabajar en una hoja de ruta conjunta para una transici\u00f3n energ\u00e9tica sostenible - Federaci\u00f3n Nacional de Biocombustibles","og_description":"Fedebiocombustibles propone a nuevo gobierno trabajar en una hoja de ruta conjunta para una transici\u00f3n energ\u00e9tica sostenible \u25cf Esta agroindustria es parte determinante hacia un futuro totalmente renovable, dado que los biocombustibles permiten disminuir la dependencia de los hidrocarburos, lo que mejora la seguridad energ\u00e9tica del pa\u00eds. Consciente de que la transici\u00f3n energ\u00e9tica y el","og_url":"https:\/\/fedebiocombustibles.com\/en\/fedebiocombustibles-propone-a-nuevo-gobierno-trabajar-en-una-hoja-de-ruta-conjunta-para-una-transicion-energetica-sostenible\/","og_site_name":"Federaci\u00f3n Nacional de Biocombustibles","article_published_time":"2022-06-29T21:47:39+00:00","article_modified_time":"2024-09-18T15:41:32+00:00","og_image":[{"width":1977,"height":1301,"url":"https:\/\/fedebiocombustibles.com\/wp-content\/uploads\/2022\/06\/Jorge-Bendeck-2-1.jpg","type":"image\/jpeg"}],"author":"MD-Fedebio","twitter_card":"summary_large_image","twitter_misc":{"Written by":"MD-Fedebio","Est. reading time":"3 minutes"},"schema":{"@context":"https:\/\/schema.org","@graph":[{"@type":"Article","@id":"https:\/\/fedebiocombustibles.com\/fedebiocombustibles-propone-a-nuevo-gobierno-trabajar-en-una-hoja-de-ruta-conjunta-para-una-transicion-energetica-sostenible\/#article","isPartOf":{"@id":"https:\/\/fedebiocombustibles.com\/fedebiocombustibles-propone-a-nuevo-gobierno-trabajar-en-una-hoja-de-ruta-conjunta-para-una-transicion-energetica-sostenible\/"},"author":{"name":"MD-Fedebio","@id":"https:\/\/fedebiocombustibles.com\/#\/schema\/person\/77df2713a53f1ecd515b1a69f25fcf1d"},"headline":"Fedebiocombustibles propone a nuevo gobierno trabajar en una hoja de ruta conjunta para una transici\u00f3n energ\u00e9tica sostenible","datePublished":"2022-06-29T21:47:39+00:00","dateModified":"2024-09-18T15:41:32+00:00","mainEntityOfPage":{"@id":"https:\/\/fedebiocombustibles.com\/fedebiocombustibles-propone-a-nuevo-gobierno-trabajar-en-una-hoja-de-ruta-conjunta-para-una-transicion-energetica-sostenible\/"},"wordCount":684,"image":{"@id":"https:\/\/fedebiocombustibles.com\/fedebiocombustibles-propone-a-nuevo-gobierno-trabajar-en-una-hoja-de-ruta-conjunta-para-una-transicion-energetica-sostenible\/#primaryimage"},"thumbnailUrl":"https:\/\/fedebiocombustibles.com\/wp-content\/uploads\/2022\/06\/Jorge-Bendeck-2-1.jpg","articleSection":["Comunicados"],"inLanguage":"en-US"},{"@type":"WebPage","@id":"https:\/\/fedebiocombustibles.com\/fedebiocombustibles-propone-a-nuevo-gobierno-trabajar-en-una-hoja-de-ruta-conjunta-para-una-transicion-energetica-sostenible\/","url":"https:\/\/fedebiocombustibles.com\/fedebiocombustibles-propone-a-nuevo-gobierno-trabajar-en-una-hoja-de-ruta-conjunta-para-una-transicion-energetica-sostenible\/","name":"Fedebiocombustibles propone a nuevo gobierno trabajar en una hoja de ruta conjunta para una transici\u00f3n energ\u00e9tica sostenible - Federaci\u00f3n Nacional de Biocombustibles","isPartOf":{"@id":"https:\/\/fedebiocombustibles.com\/#website"},"primaryImageOfPage":{"@id":"https:\/\/fedebiocombustibles.com\/fedebiocombustibles-propone-a-nuevo-gobierno-trabajar-en-una-hoja-de-ruta-conjunta-para-una-transicion-energetica-sostenible\/#primaryimage"},"image":{"@id":"https:\/\/fedebiocombustibles.com\/fedebiocombustibles-propone-a-nuevo-gobierno-trabajar-en-una-hoja-de-ruta-conjunta-para-una-transicion-energetica-sostenible\/#primaryimage"},"thumbnailUrl":"https:\/\/fedebiocombustibles.com\/wp-content\/uploads\/2022\/06\/Jorge-Bendeck-2-1.jpg","datePublished":"2022-06-29T21:47:39+00:00","dateModified":"2024-09-18T15:41:32+00:00","author":{"@id":"https:\/\/fedebiocombustibles.com\/#\/schema\/person\/77df2713a53f1ecd515b1a69f25fcf1d"},"breadcrumb":{"@id":"https:\/\/fedebiocombustibles.com\/fedebiocombustibles-propone-a-nuevo-gobierno-trabajar-en-una-hoja-de-ruta-conjunta-para-una-transicion-energetica-sostenible\/#breadcrumb"},"inLanguage":"en-US","potentialAction":[{"@type":"ReadAction","target":["https:\/\/fedebiocombustibles.com\/fedebiocombustibles-propone-a-nuevo-gobierno-trabajar-en-una-hoja-de-ruta-conjunta-para-una-transicion-energetica-sostenible\/"]}]},{"@type":"ImageObject","inLanguage":"en-US","@id":"https:\/\/fedebiocombustibles.com\/fedebiocombustibles-propone-a-nuevo-gobierno-trabajar-en-una-hoja-de-ruta-conjunta-para-una-transicion-energetica-sostenible\/#primaryimage","url":"https:\/\/fedebiocombustibles.com\/wp-content\/uploads\/2022\/06\/Jorge-Bendeck-2-1.jpg","contentUrl":"https:\/\/fedebiocombustibles.com\/wp-content\/uploads\/2022\/06\/Jorge-Bendeck-2-1.jpg","width":1977,"height":1301,"caption":"Jorge Bendeck"},{"@type":"BreadcrumbList","@id":"https:\/\/fedebiocombustibles.com\/fedebiocombustibles-propone-a-nuevo-gobierno-trabajar-en-una-hoja-de-ruta-conjunta-para-una-transicion-energetica-sostenible\/#breadcrumb","itemListElement":[{"@type":"ListItem","position":1,"name":"Portada","item":"https:\/\/fedebiocombustibles.com\/"},{"@type":"ListItem","position":2,"name":"Fedebiocombustibles propone a nuevo gobierno trabajar en una hoja de ruta conjunta para una transici\u00f3n energ\u00e9tica sostenible"}]},{"@type":"WebSite","@id":"https:\/\/fedebiocombustibles.com\/#website","url":"https:\/\/fedebiocombustibles.com\/","name":"Federaci\u00f3n Nacional de Biocombustibles","description":"Colombia","potentialAction":[{"@type":"SearchAction","target":{"@type":"EntryPoint","urlTemplate":"https:\/\/fedebiocombustibles.com\/?s={search_term_string}"},"query-input":{"@type":"PropertyValueSpecification","valueRequired":true,"valueName":"search_term_string"}}],"inLanguage":"en-US"},{"@type":"Person","@id":"https:\/\/fedebiocombustibles.com\/#\/schema\/person\/77df2713a53f1ecd515b1a69f25fcf1d","name":"MD-Fedebio","image":{"@type":"ImageObject","inLanguage":"en-US","@id":"https:\/\/fedebiocombustibles.com\/wp-content\/litespeed\/avatar\/18a51d442641b2db9eceb84b538662f6.jpg?ver=1776819910","url":"https:\/\/fedebiocombustibles.com\/wp-content\/litespeed\/avatar\/18a51d442641b2db9eceb84b538662f6.jpg?ver=1776819910","contentUrl":"https:\/\/fedebiocombustibles.com\/wp-content\/litespeed\/avatar\/18a51d442641b2db9eceb84b538662f6.jpg?ver=1776819910","caption":"MD-Fedebio"},"sameAs":["https:\/\/fedebiocombustibles.com"],"url":"https:\/\/fedebiocombustibles.com\/en\/author\/md-fedebio\/"}]}},"_links":{"self":[{"href":"https:\/\/fedebiocombustibles.com\/en\/wp-json\/wp\/v2\/posts\/3063","targetHints":{"allow":["GET"]}}],"collection":[{"href":"https:\/\/fedebiocombustibles.com\/en\/wp-json\/wp\/v2\/posts"}],"about":[{"href":"https:\/\/fedebiocombustibles.com\/en\/wp-json\/wp\/v2\/types\/post"}],"author":[{"embeddable":true,"href":"https:\/\/fedebiocombustibles.com\/en\/wp-json\/wp\/v2\/users\/1"}],"replies":[{"embeddable":true,"href":"https:\/\/fedebiocombustibles.com\/en\/wp-json\/wp\/v2\/comments?post=3063"}],"version-history":[{"count":9,"href":"https:\/\/fedebiocombustibles.com\/en\/wp-json\/wp\/v2\/posts\/3063\/revisions"}],"predecessor-version":[{"id":3075,"href":"https:\/\/fedebiocombustibles.com\/en\/wp-json\/wp\/v2\/posts\/3063\/revisions\/3075"}],"wp:featuredmedia":[{"embeddable":true,"href":"https:\/\/fedebiocombustibles.com\/en\/wp-json\/wp\/v2\/media\/3064"}],"wp:attachment":[{"href":"https:\/\/fedebiocombustibles.com\/en\/wp-json\/wp\/v2\/media?parent=3063"}],"wp:term":[{"taxonomy":"category","embeddable":true,"href":"https:\/\/fedebiocombustibles.com\/en\/wp-json\/wp\/v2\/categories?post=3063"},{"taxonomy":"post_tag","embeddable":true,"href":"https:\/\/fedebiocombustibles.com\/en\/wp-json\/wp\/v2\/tags?post=3063"}],"curies":[{"name":"wp","href":"https:\/\/api.w.org\/{rel}","templated":true}]}}